{"id":1235,"date":"2017-12-15T19:01:59","date_gmt":"2017-12-15T18:01:59","guid":{"rendered":"http:\/\/preussisch-stroehen.de\/wp\/?p=1235"},"modified":"2019-10-13T13:39:58","modified_gmt":"2019-10-13T13:39:58","slug":"jahreshauptversammlung-der-landfrauen-2017","status":"publish","type":"post","link":"https:\/\/preussisch-stroehen.de\/web\/2017\/12\/15\/jahreshauptversammlung-der-landfrauen-2017\/","title":{"rendered":"Jahreshauptversammlung der Landfrauen 2017"},"content":{"rendered":"<p>Einen Beitrag zur JHV der Landfrauen findet ihr hier:<\/p>\n<div id=\"at_zurlpreview\">\n<blockquote>\n<h2><a href=\"http:\/\/www.westfalen-blatt.de\/OWL\/Kreis-Minden-Luebbecke\/Rahden\/3088834-Britta-Vogt-ist-neue-Pressesprecherin-viele-Plaene-fuer-das-neue-Jahr-Pfeifer-fuehrt-die-Landfrauen\">Pfeifer f\u00fchrt die Landfrauen<\/a><\/h2>\n<h3 style=\"display: none;\">Pfeifer f\u00fchrt die Landfrauen<\/h3>\n<p class=\"imgp\"><a href=\"http:\/\/www.westfalen-blatt.de\/OWL\/Kreis-Minden-Luebbecke\/Rahden\/3088834-Britta-Vogt-ist-neue-Pressesprecherin-viele-Plaene-fuer-das-neue-Jahr-Pfeifer-fuehrt-die-Landfrauen\"><img decoding=\"async\" src=\"http:\/\/www.westfalen-blatt.de\/var\/storage\/images\/wb\/startseite\/owl\/kreis-minden-luebbecke\/rahden\/3088834-britta-vogt-ist-neue-pressesprecherin-viele-plaene-fuer-das-neue-jahr-pfeifer-fuehrt-die-landfrauen\/89499368-1-ger-DE\/Britta-Vogt-ist-neue-Pressesprecherin-viele-Plaene-fuer-das-neue-Jahr-Pfeifer-fuehrt-die-Landfrauen_opengraph.jpg\" data-src=\"http:\/\/www.westfalen-blatt.de\/var\/storage\/images\/wb\/startseite\/owl\/kreis-minden-luebbecke\/rahden\/3088834-britta-vogt-ist-neue-pressesprecherin-viele-plaene-fuer-das-neue-jahr-pfeifer-fuehrt-die-landfrauen\/89499368-1-ger-DE\/Britta-Vogt-ist-neue-Pressesprecherin-viele-Plaene-fuer-das-neue-Jahr-Pfeifer-fuehrt-die-Landfrauen_opengraph.jpg\"><\/a><\/p>\n<p class=\"imgd\"><a href=\"http:\/\/www.westfalen-blatt.de\/OWL\/Kreis-Minden-Luebbecke\/Rahden\/3088834-Britta-Vogt-ist-neue-Pressesprecherin-viele-Plaene-fuer-das-neue-Jahr-Pfeifer-fuehrt-die-Landfrauen\">Rahden-Preu\u00dfisch Str\u00f6hen (Art). Simone Pfeifer ist bei der Jahreshauptversammlung der Preu\u00dfisch Str\u00f6her Landfrauen zur neuen Vorsitzenden anstelle von Gisela Cording gew\u00e4hlt worden.<\/a><\/p>\n<p class=\"imgs\"><a href=\"http:\/\/www.westfalen-blatt.de\/OWL\/Kreis-Minden-Luebbecke\/Rahden\/3088834-Britta-Vogt-ist-neue-Pressesprecherin-viele-Plaene-fuer-das-neue-Jahr-Pfeifer-fuehrt-die-Landfrauen\">Source: www.westfalen-blatt.de\/OWL\/Kreis-Minden-Luebbecke\/Rahden\/3088834-Britta-Vogt-ist-neue-Pressesprecherin-viele-Plaene-fuer-das-neue-Jahr-Pfeifer-fuehrt-die-Landfrauen<\/a><\/p>\n<\/blockquote>\n<\/div>\n<p><a href=\"https:\/\/preussisch-stroehen.de\/web\/tag\/news\/\">#News<\/a> <a href=\"https:\/\/preussisch-stroehen.de\/web\/tag\/aktuelles\/\">#Aktuelles<\/a> <a href=\"https:\/\/preussisch-stroehen.de\/web\/tag\/landfrauen\/\">#Landfrauen<\/a> <a href=\"https:\/\/preussisch-stroehen.de\/web\/tag\/veranstaltungen\/\">#Veranstaltungen<\/a><\/p>\n<p>&nbsp;<\/p>\n","protected":false},"excerpt":{"rendered":"<p>Einen Beitrag zur JHV der Landfrauen findet ihr hier: Pfeifer f\u00fchrt die Landfrauen Pfeifer f\u00fchrt die Landfrauen Rahden-Preu\u00dfisch Str\u00f6hen (Art). Simone Pfeifer ist bei der Jahreshauptversammlung der Preu\u00dfisch Str\u00f6her Landfrauen zur neuen Vorsitzenden anstelle von Gisela Cording gew\u00e4hlt worden. Source: www.westfalen-blatt.de\/OWL\/Kreis-Minden-Luebbecke\/Rahden\/3088834-Britta-Vogt-ist-neue-Pressesprecherin-viele-Plaene-fuer-das-neue-Jahr-Pfeifer-fuehrt-die-Landfrauen #News #Aktuelles #Landfrauen #Veranstaltungen &nbsp;<\/p>\n","protected":false},"author":1,"featured_media":0,"comment_status":"closed","ping_status":"open","sticky":false,"template":"","format":"standard","meta":{"_jetpack_memberships_contains_paid_content":false,"footnotes":""},"categories":[1],"tags":[5,24,3,4],"class_list":["post-1235","post","type-post","status-publish","format-standard","hentry","category-uncategorized","tag-aktuelles","tag-landfrauen","tag-news","tag-veranstaltungen","post-preview"],"jetpack_featured_media_url":"","jetpack_sharing_enabled":true,"_links":{"self":[{"href":"https:\/\/preussisch-stroehen.de\/web\/wp-json\/wp\/v2\/posts\/1235","targetHints":{"allow":["GET"]}}],"collection":[{"href":"https:\/\/preussisch-stroehen.de\/web\/wp-json\/wp\/v2\/posts"}],"about":[{"href":"https:\/\/preussisch-stroehen.de\/web\/wp-json\/wp\/v2\/types\/post"}],"author":[{"embeddable":true,"href":"https:\/\/preussisch-stroehen.de\/web\/wp-json\/wp\/v2\/users\/1"}],"replies":[{"embeddable":true,"href":"https:\/\/preussisch-stroehen.de\/web\/wp-json\/wp\/v2\/comments?post=1235"}],"version-history":[{"count":1,"href":"https:\/\/preussisch-stroehen.de\/web\/wp-json\/wp\/v2\/posts\/1235\/revisions"}],"predecessor-version":[{"id":1236,"href":"https:\/\/preussisch-stroehen.de\/web\/wp-json\/wp\/v2\/posts\/1235\/revisions\/1236"}],"wp:attachment":[{"href":"https:\/\/preussisch-stroehen.de\/web\/wp-json\/wp\/v2\/media?parent=1235"}],"wp:term":[{"taxonomy":"category","embeddable":true,"href":"https:\/\/preussisch-stroehen.de\/web\/wp-json\/wp\/v2\/categories?post=1235"},{"taxonomy":"post_tag","embeddable":true,"href":"https:\/\/preussisch-stroehen.de\/web\/wp-json\/wp\/v2\/tags?post=1235"}],"curies":[{"name":"wp","href":"https:\/\/api.w.org\/{rel}","templated":true}]}}