{"id":12614,"date":"2022-11-30T20:07:11","date_gmt":"2022-11-30T20:07:11","guid":{"rendered":"https:\/\/preussisch-stroehen.de\/web\/?p=12614"},"modified":"2022-11-30T20:07:11","modified_gmt":"2022-11-30T20:07:11","slug":"pr-stroeher-kalender-2023","status":"publish","type":"post","link":"https:\/\/preussisch-stroehen.de\/web\/2022\/11\/30\/pr-stroeher-kalender-2023\/","title":{"rendered":"Pr. Str\u00f6her Kalender 2023"},"content":{"rendered":"\n<p>Der beliebte Bilderkalender der Pr. Str\u00f6her Heimatfreunde ist ab sofort wieder f\u00fcr das Jahr 2023 verf\u00fcgbar. Es ist wieder eine Zusammenstellung von alten und neueren Fotos, Gem\u00e4lden und sonstigen Andenken in und um den Ort. Mit viel M\u00fche hat Ortsheimatpfleger Friedrich Sander wieder eine Zusammenstellung kreiert mit \u201eFotos und Ereignissen, an die wir uns gerne erinnern.\u201c<\/p>\n\n\n\n<p>Ab sofort ist der Kalender im Raiffeisen-Markt Pr. Str\u00f6hen, in der Volksbank oder Sparkasse und im Auemarkt erh\u00e4ltlich.<\/p>\n\n\n\n<figure class=\"wp-block-image size-large\"><img loading=\"lazy\" decoding=\"async\" width=\"705\" height=\"1024\" src=\"https:\/\/preussisch-stroehen.de\/web\/wp-content\/uploads\/2022\/11\/HV-Kalender23-2-705x1024.jpeg\" alt=\"\" class=\"wp-image-12617\" srcset=\"https:\/\/preussisch-stroehen.de\/web\/wp-content\/uploads\/2022\/11\/HV-Kalender23-2-705x1024.jpeg 705w, https:\/\/preussisch-stroehen.de\/web\/wp-content\/uploads\/2022\/11\/HV-Kalender23-2-207x300.jpeg 207w, https:\/\/preussisch-stroehen.de\/web\/wp-content\/uploads\/2022\/11\/HV-Kalender23-2-768x1116.jpeg 768w, https:\/\/preussisch-stroehen.de\/web\/wp-content\/uploads\/2022\/11\/HV-Kalender23-2-1058x1536.jpeg 1058w, https:\/\/preussisch-stroehen.de\/web\/wp-content\/uploads\/2022\/11\/HV-Kalender23-2-676x982.jpeg 676w, https:\/\/preussisch-stroehen.de\/web\/wp-content\/uploads\/2022\/11\/HV-Kalender23-2.jpeg 1410w\" sizes=\"auto, (max-width: 705px) 100vw, 705px\" \/><\/figure>\n\n\n\n<p><a href=\"https:\/\/preussisch-stroehen.de\/web\/tag\/heimatfreunde\/\">#Heimatfreunde<\/a> <a href=\"https:\/\/preussisch-stroehen.de\/web\/tag\/dorfkalender\/\">#Dorfkalender<\/a> <a href=\"https:\/\/preussisch-stroehen.de\/web\/tag\/aktuelles\/\">#Aktuelles<\/a><\/p>\n","protected":false},"excerpt":{"rendered":"<p>Der beliebte Bilderkalender der Pr. Str\u00f6her Heimatfreunde ist ab sofort wieder f\u00fcr das Jahr 2023 verf\u00fcgbar. Es ist wieder eine Zusammenstellung von alten und neueren Fotos, Gem\u00e4lden und sonstigen Andenken in und um den Ort. Mit viel M\u00fche hat Ortsheimatpfleger Friedrich Sander wieder eine Zusammenstellung kreiert mit \u201eFotos und Ereignissen, an die wir uns gerne [&hellip;]<\/p>\n","protected":false},"author":1,"featured_media":12616,"comment_status":"closed","ping_status":"open","sticky":false,"template":"","format":"standard","meta":{"_jetpack_memberships_contains_paid_content":false,"footnotes":""},"categories":[1],"tags":[5,58,8],"class_list":["post-12614","post","type-post","status-publish","format-standard","has-post-thumbnail","hentry","category-uncategorized","tag-aktuelles","tag-dorfkalender","tag-heimatfreunde","post-preview"],"jetpack_featured_media_url":"https:\/\/preussisch-stroehen.de\/web\/wp-content\/uploads\/2022\/11\/HV-Kalender23.jpeg","jetpack_sharing_enabled":true,"_links":{"self":[{"href":"https:\/\/preussisch-stroehen.de\/web\/wp-json\/wp\/v2\/posts\/12614","targetHints":{"allow":["GET"]}}],"collection":[{"href":"https:\/\/preussisch-stroehen.de\/web\/wp-json\/wp\/v2\/posts"}],"about":[{"href":"https:\/\/preussisch-stroehen.de\/web\/wp-json\/wp\/v2\/types\/post"}],"author":[{"embeddable":true,"href":"https:\/\/preussisch-stroehen.de\/web\/wp-json\/wp\/v2\/users\/1"}],"replies":[{"embeddable":true,"href":"https:\/\/preussisch-stroehen.de\/web\/wp-json\/wp\/v2\/comments?post=12614"}],"version-history":[{"count":1,"href":"https:\/\/preussisch-stroehen.de\/web\/wp-json\/wp\/v2\/posts\/12614\/revisions"}],"predecessor-version":[{"id":12618,"href":"https:\/\/preussisch-stroehen.de\/web\/wp-json\/wp\/v2\/posts\/12614\/revisions\/12618"}],"wp:featuredmedia":[{"embeddable":true,"href":"https:\/\/preussisch-stroehen.de\/web\/wp-json\/wp\/v2\/media\/12616"}],"wp:attachment":[{"href":"https:\/\/preussisch-stroehen.de\/web\/wp-json\/wp\/v2\/media?parent=12614"}],"wp:term":[{"taxonomy":"category","embeddable":true,"href":"https:\/\/preussisch-stroehen.de\/web\/wp-json\/wp\/v2\/categories?post=12614"},{"taxonomy":"post_tag","embeddable":true,"href":"https:\/\/preussisch-stroehen.de\/web\/wp-json\/wp\/v2\/tags?post=12614"}],"curies":[{"name":"wp","href":"https:\/\/api.w.org\/{rel}","templated":true}]}}