{"id":13715,"date":"2023-01-30T19:45:27","date_gmt":"2023-01-30T19:45:27","guid":{"rendered":"https:\/\/preussisch-stroehen.de\/web\/?p=13715"},"modified":"2023-01-30T19:46:19","modified_gmt":"2023-01-30T19:46:19","slug":"mehrtagesausflug-landtag-duesseldorf-und-rheinisches-braunkohlerevier","status":"publish","type":"post","link":"https:\/\/preussisch-stroehen.de\/web\/2023\/01\/30\/mehrtagesausflug-landtag-duesseldorf-und-rheinisches-braunkohlerevier\/","title":{"rendered":"Mehrtagesausflug Landtag D\u00fcsseldorf und Rheinisches Braunkohlerevier"},"content":{"rendered":"\n<p class=\"has-large-font-size\"><strong>Landwirtschaflticher Ortsverein und Kameradschaft ehemaliger Soldaten<\/strong> &#8211; Auch Nichtmitglieder sind willkommen<\/p>\n\n\n\n<p class=\"has-text-color\" style=\"color:#e50004\">Freitag, den 09.06.2023 bis 11.06.2023 (Fronleichnam-Wochenende)<\/p>\n\n\n\n<p>Der Ausflug wird von der Firma Thieker-Reisen organisiert und<br>beinhaltet folgende Leistungen:<br>-Fahrt im modernen Reisebus.<br>-FR &#8211; 09.06.2023 Anreise und Landtag NRW<br>07.30 Uhr Abfahrt ab Gasthaus Buschendorf in Pr. Str\u00f6hen<br>Die Anreise nach D\u00fcsseldorf erfolgt auf direktem Wege. Fr\u00fchst\u00fcckspause,<br>soweit gew\u00fcnscht, erfolgt am Reisebus. Gegen 13.00 Uhr \/ 14.00 Uhr sind Sie<br>mit der MdL Frau Bianca Winkelmann am Landtag D\u00fcsseldorf verabredet und<br>erhalten aus erster Hand einen informativen und interessanten Einblick in die<br>\u00f6rtlichen Gegebenheiten und in die politische Arbeit. Anschl. Anfahrt zum Hotel<br>und gemeinsames Abendessen im Hotel.<\/p>\n\n\n\n<p>SA \u2013 10.06.2023 Rheinisches Braunkohlerevier und D\u00fcsseldorf individuell<br>Nach dem Fr\u00fchst\u00fcck verlassen Sie D\u00fcsseldorf in Richtung Braunkohlerevier. Bei<br>der dreist\u00fcndigen G\u00e4stef\u00fchrung f\u00fcr Gruppen wird mit Fachwissen und Charme<br>alles Wissenswerte zum Rheinischen Braunkohlenrevier vermittelt. Die Tour<br>startet und endet am Schloss Paffendorf in Bergheim. Dort wird die Gruppe von<br>ihrer G\u00e4stef\u00fchrerin oder ihrem G\u00e4stef\u00fchrer empfangen und ein Einstieg in das<br>Thema gegeben. Im Anschluss wird gemeinsam per Bus das Revier erkundet.<br>W\u00e4hrend der Rundfahrt werden die Themen Umsiedlung, land- und<br>forstwirtschaftliche Rekultivierung sowie regenerative Energien ausf\u00fchrlich<br>erkl\u00e4rt. An einem Tagebauaussichtspunkt (Tagebau Hambach) besteht die<br>M\u00f6glichkeit, den Schaufelradbaggern und den Absetzern live bei der Arbeit<br>zuzusehen, die Aussicht auf sich wirken zu lassen oder noch weitere Fragen zu<br>den Themen rund um das Rheinische Revier zu stellen. \u00a9 Rhein-Erft Tourismus<br>e.V.Der Nachmittag steht in der D\u00fcsseldorfer Altstadt zur freien Verf\u00fcgung. Das<br>gemeinsame Abendessen findet in einem typisch D\u00fcsseldorfer Altstadtgasthaus<br>statt.<\/p>\n\n\n\n<p>SO \u2013 11.06.2023 Altstadtf\u00fchrung D\u00fcsseldorf, Rheinschifffahrt und R\u00fcckreise<br>Im Anschluss an das Fr\u00fchst\u00fcck steht zun\u00e4chst eine Stadtf\u00fchrung in D\u00fcsseldorf<br>auf dem Programm. Unter kundiger F\u00fchrung bummeln Sie durch die<br>malerischen Gassen, werfen Sie einen Blick hinter die Fassaden und erfahren<br>unter anderem, warum die gotische Kirche St.Lambertus einen schiefen Turm<br>hat, wie das Reiterstandbild des beliebten Kurf\u00fcrsten Jan Wellem enstand, wo<br>Heinrich Heine geboren wurde und wie der Schneider Wibbel ber\u00fchmt wurde.<br>Ein reizvolles Bild bietet der Burgplatz mit dem Schlossturm. Nur wenige<br>Schritte entfernt befindet sich die Rheinuferpromenade, von wo aus man einen<br>herrlichen Blick auf die Skyline D\u00fcsseldorfs und das Oberkasseler Ufer genie\u00dft.<br>\u00a9 D\u00fcsseldorf Tourismus. Von hier aus unternehmen Sie eine ca. 1-st\u00fcndige<br>Panoramaschifffahrt in D\u00fcsseldorf, die Sie zun\u00e4chst bis in den Medienhafen<br>f\u00fchrt. Von dort geht es rheinabw\u00e4rts in Richtung Theodor-Heuss-Br\u00fccke und<br>danach zur\u00fcck zur Rheinuferpromenade. Mit vielen sch\u00f6nen und<br>erlebnisreichen Eindr\u00fccken treten Sie gegen 14.00 Uhr die R\u00fcckreise in den<br>heimischen Raum an.<\/p>\n\n\n\n<p><strong>Reisepreis pro Person im Doppelzimmer 310,00 \u20ac<br>Reisepreis pro Person im Einzelzimmer 350,00 \u20ac<br>Im Reisepreis enthalten sind auch die Getr\u00e4nke und Fr\u00fchst\u00fcck im<br>Bus.<\/strong><\/p>\n\n\n\n<p>Wenn m\u00f6glich bis 31.3. 2023 anmelden.<br>Anmeldeschluss ist der 30.04.2022<br>Es sind zun\u00e4chst 19 Doppelzimmer und 6 Einzelzimmer gebucht.<br>Anmeldungen bei: Werner Sander<br>Telefon: 05776-754<br>Mobil: 01718030185<br>Email: <a href=\"mailto:sander-werner@freenet.de\">sander-werner@freenet.de<\/a><br><\/p>\n\n\n\n<p>Wichtig !!<br>F\u00fcr den Besuch im Landtag wird ein g\u00fcltiger Personalausweis ben\u00f6tigt.<br>Anzahlung der H\u00e4lfte des Reisepreises bei Anmeldung sp\u00e4testens<br>bis zum 30.04.2023.<br>Den Rest bis zum 15.5. 2022<\/p>\n\n\n\n<p class=\"has-text-color\" style=\"color:#a30003\"><br>Bitte diesen Betrag auf das Konto bei der Volksbank \u00fcberweisen.<br>IBAN: DE58 4909 2650 2729 7385 00<br>BIC: GENODEM1LUB<br>Verwendungszweck : Mehrtagesausflug.<\/p>\n\n\n\n<p>Mit freundlichen Gr\u00fc\u00dfen die Vorst\u00e4nde<br><strong>Landwirtschaftlicher Ortsverein Kameradschaft ehemaliger Soldaten<br>Werner Sander Albert Windhorst<\/strong><\/p>\n\n\n\n<p><\/p>\n\n\n\n<p><a href=\"https:\/\/preussisch-stroehen.de\/web\/tag\/ortsverein\/\">#Ortsverein<\/a> <a href=\"https:\/\/preussisch-stroehen.de\/web\/tag\/kameradschaft\/\">#Kameradschaft<\/a> <a href=\"https:\/\/preussisch-stroehen.de\/web\/tag\/aktuelles\/\">#Aktuelles<\/a><\/p>\n","protected":false},"excerpt":{"rendered":"<p>Landwirtschaflticher Ortsverein und Kameradschaft ehemaliger Soldaten &#8211; Auch Nichtmitglieder sind willkommen Freitag, den 09.06.2023 bis 11.06.2023 (Fronleichnam-Wochenende) Der Ausflug wird von der Firma Thieker-Reisen organisiert undbeinhaltet folgende Leistungen:-Fahrt im modernen Reisebus.-FR &#8211; 09.06.2023 Anreise und Landtag NRW07.30 Uhr Abfahrt ab Gasthaus Buschendorf in Pr. Str\u00f6henDie Anreise nach D\u00fcsseldorf erfolgt auf direktem Wege. Fr\u00fchst\u00fcckspause,soweit gew\u00fcnscht, erfolgt [&hellip;]<\/p>\n","protected":false},"author":1,"featured_media":1592,"comment_status":"closed","ping_status":"open","sticky":false,"template":"","format":"standard","meta":{"_jetpack_memberships_contains_paid_content":false,"footnotes":""},"categories":[1],"tags":[5,18,19],"class_list":["post-13715","post","type-post","status-publish","format-standard","has-post-thumbnail","hentry","category-uncategorized","tag-aktuelles","tag-kameradschaft","tag-ortsverein","post-preview"],"jetpack_featured_media_url":"https:\/\/preussisch-stroehen.de\/web\/wp-content\/uploads\/2019\/01\/logo_ortsverein.png","jetpack_sharing_enabled":true,"_links":{"self":[{"href":"https:\/\/preussisch-stroehen.de\/web\/wp-json\/wp\/v2\/posts\/13715","targetHints":{"allow":["GET"]}}],"collection":[{"href":"https:\/\/preussisch-stroehen.de\/web\/wp-json\/wp\/v2\/posts"}],"about":[{"href":"https:\/\/preussisch-stroehen.de\/web\/wp-json\/wp\/v2\/types\/post"}],"author":[{"embeddable":true,"href":"https:\/\/preussisch-stroehen.de\/web\/wp-json\/wp\/v2\/users\/1"}],"replies":[{"embeddable":true,"href":"https:\/\/preussisch-stroehen.de\/web\/wp-json\/wp\/v2\/comments?post=13715"}],"version-history":[{"count":2,"href":"https:\/\/preussisch-stroehen.de\/web\/wp-json\/wp\/v2\/posts\/13715\/revisions"}],"predecessor-version":[{"id":13717,"href":"https:\/\/preussisch-stroehen.de\/web\/wp-json\/wp\/v2\/posts\/13715\/revisions\/13717"}],"wp:featuredmedia":[{"embeddable":true,"href":"https:\/\/preussisch-stroehen.de\/web\/wp-json\/wp\/v2\/media\/1592"}],"wp:attachment":[{"href":"https:\/\/preussisch-stroehen.de\/web\/wp-json\/wp\/v2\/media?parent=13715"}],"wp:term":[{"taxonomy":"category","embeddable":true,"href":"https:\/\/preussisch-stroehen.de\/web\/wp-json\/wp\/v2\/categories?post=13715"},{"taxonomy":"post_tag","embeddable":true,"href":"https:\/\/preussisch-stroehen.de\/web\/wp-json\/wp\/v2\/tags?post=13715"}],"curies":[{"name":"wp","href":"https:\/\/api.w.org\/{rel}","templated":true}]}}