{"id":14015,"date":"2023-02-19T09:44:46","date_gmt":"2023-02-19T09:44:46","guid":{"rendered":"https:\/\/preussisch-stroehen.de\/web\/?p=14015"},"modified":"2023-02-19T09:45:58","modified_gmt":"2023-02-19T09:45:58","slug":"gemeinsame-rad-und-planwagentour-durch-pr-stroehen","status":"publish","type":"post","link":"https:\/\/preussisch-stroehen.de\/web\/2023\/02\/19\/gemeinsame-rad-und-planwagentour-durch-pr-stroehen\/","title":{"rendered":"Gemeinsame Rad- und Planwagentour durch Pr. Str\u00f6hen"},"content":{"rendered":"\n<p class=\"has-larger-font-size\">Landwirtschaftlicher Orstverband Pr. Str\u00f6hen und Landfrauen Pr. Str\u00f6hen<\/p>\n\n\n\n<p class=\"has-larger-font-size\">Sonntag, den 07.05.2023<\/p>\n\n\n\n<p>Start ist um 11.00 bei Buschendorf<br>Begr\u00fc\u00dfung und Bericht zur aktuellen Lage der Agrarpolitik und dem<br>Kassenbericht des Ortsverbandes ( Wahl neuer Kassenpr\u00fcfer)<br>Anschlie\u00dfend Gemeinsames Grillbuffet.<br>Nach der St\u00e4rkung (ca.12.30 Uhr) geht es dann mit dem Fahrrad (wer nicht mehr<br>ist kann gern mit dem daf\u00fcr bereitgestellten Planwagen mitfahren ) zur Besichtigung und F\u00fchrung Hof Schl\u00fcter \u2013Schwarze (Eugens) und als weiteres zum Hof Aukamp. Hier ist eine kleine Kaffeepause vorgesehen. Nach der F\u00fchrung geht es zum Ausgangspunkt zur\u00fcck.<br>Es k\u00f6nnen auch Familien mit Kindern gern teilnehmen.<br>Kosten pro Person 15,00 \u20ac &#8211; Kinder bis 10 Jahre frei<br>F\u00fcr Teilnehmer die nicht am Grillbuffet teilnehmen m\u00f6chten 5,00\u20ac<\/p>\n\n\n\n<p><strong>Anmeldungen bis 1.5.2023<\/strong><\/p>\n\n\n\n<p>bei: Werner Sander <br>Telefon: 05776-754 <br>Mobil: 01718030185 <br>Email: <a href=\"mailto:sander-werner@freenet.de\">sander-werner@freenet.de<\/a> <\/p>\n\n\n\n<p>oder: Simone Pfeifer<br>Telefon: 05776-428<br>Mobil:015159482132<br>Email: <a href=\"mailto:pfeifer69@t-online.de\">pfeifer69@t-online.de<\/a><\/p>\n\n\n\n<p><a href=\"https:\/\/preussisch-stroehen.de\/web\/tag\/aktuelles\/\">#Aktuelles<\/a> <a href=\"https:\/\/preussisch-stroehen.de\/web\/tag\/veranstaltungen\/\">#Veranstaltungen<\/a> <a href=\"https:\/\/preussisch-stroehen.de\/web\/tag\/orstverein\/\">#Orstverein<\/a> <a href=\"https:\/\/preussisch-stroehen.de\/web\/tag\/landfrauen\/\">#Landfrauen<\/a><\/p>\n","protected":false},"excerpt":{"rendered":"<p>Landwirtschaftlicher Orstverband Pr. Str\u00f6hen und Landfrauen Pr. Str\u00f6hen Sonntag, den 07.05.2023 Start ist um 11.00 bei BuschendorfBegr\u00fc\u00dfung und Bericht zur aktuellen Lage der Agrarpolitik und demKassenbericht des Ortsverbandes ( Wahl neuer Kassenpr\u00fcfer)Anschlie\u00dfend Gemeinsames Grillbuffet.Nach der St\u00e4rkung (ca.12.30 Uhr) geht es dann mit dem Fahrrad (wer nicht mehrist kann gern mit dem daf\u00fcr bereitgestellten Planwagen mitfahren [&hellip;]<\/p>\n","protected":false},"author":1,"featured_media":14017,"comment_status":"closed","ping_status":"open","sticky":false,"template":"","format":"standard","meta":{"_jetpack_memberships_contains_paid_content":false,"footnotes":""},"categories":[1],"tags":[5,24,138,4],"class_list":["post-14015","post","type-post","status-publish","format-standard","has-post-thumbnail","hentry","category-uncategorized","tag-aktuelles","tag-landfrauen","tag-orstverein","tag-veranstaltungen","post-preview"],"jetpack_featured_media_url":"https:\/\/preussisch-stroehen.de\/web\/wp-content\/uploads\/2023\/02\/radtour23.jpg","jetpack_sharing_enabled":true,"_links":{"self":[{"href":"https:\/\/preussisch-stroehen.de\/web\/wp-json\/wp\/v2\/posts\/14015","targetHints":{"allow":["GET"]}}],"collection":[{"href":"https:\/\/preussisch-stroehen.de\/web\/wp-json\/wp\/v2\/posts"}],"about":[{"href":"https:\/\/preussisch-stroehen.de\/web\/wp-json\/wp\/v2\/types\/post"}],"author":[{"embeddable":true,"href":"https:\/\/preussisch-stroehen.de\/web\/wp-json\/wp\/v2\/users\/1"}],"replies":[{"embeddable":true,"href":"https:\/\/preussisch-stroehen.de\/web\/wp-json\/wp\/v2\/comments?post=14015"}],"version-history":[{"count":3,"href":"https:\/\/preussisch-stroehen.de\/web\/wp-json\/wp\/v2\/posts\/14015\/revisions"}],"predecessor-version":[{"id":14020,"href":"https:\/\/preussisch-stroehen.de\/web\/wp-json\/wp\/v2\/posts\/14015\/revisions\/14020"}],"wp:featuredmedia":[{"embeddable":true,"href":"https:\/\/preussisch-stroehen.de\/web\/wp-json\/wp\/v2\/media\/14017"}],"wp:attachment":[{"href":"https:\/\/preussisch-stroehen.de\/web\/wp-json\/wp\/v2\/media?parent=14015"}],"wp:term":[{"taxonomy":"category","embeddable":true,"href":"https:\/\/preussisch-stroehen.de\/web\/wp-json\/wp\/v2\/categories?post=14015"},{"taxonomy":"post_tag","embeddable":true,"href":"https:\/\/preussisch-stroehen.de\/web\/wp-json\/wp\/v2\/tags?post=14015"}],"curies":[{"name":"wp","href":"https:\/\/api.w.org\/{rel}","templated":true}]}}