{"id":14021,"date":"2023-02-19T09:58:01","date_gmt":"2023-02-19T09:58:01","guid":{"rendered":"https:\/\/preussisch-stroehen.de\/web\/?p=14021"},"modified":"2023-02-19T09:58:01","modified_gmt":"2023-02-19T09:58:01","slug":"tage-der-offenen-tuer-im-gewerbegebiet-pr-stroehen","status":"publish","type":"post","link":"https:\/\/preussisch-stroehen.de\/web\/2023\/02\/19\/tage-der-offenen-tuer-im-gewerbegebiet-pr-stroehen\/","title":{"rendered":"Tage der offenen T\u00fcr im Gewerbegebiet Pr. Str\u00f6hen"},"content":{"rendered":"\n<p class=\"has-larger-font-size\"><strong>am 18. und 19. M\u00e4rz 2023 (bis 18 Uhr)<\/strong><\/p>\n\n\n\n<p><\/p>\n\n\n\n<p>14 Heimische Betriebe stellen sich vor<\/p>\n\n\n\n<p>\u00d6rtliche Vereine stellen sich vor<\/p>\n\n\n\n<p>Essen und Trinken<\/p>\n\n\n\n<p>Schauprogramm<\/p>\n\n\n\n<p>H\u00fcpfburg und Kinderschminken<\/p>\n\n\n\n<p>Infos und Gespr\u00e4che<\/p>\n\n\n\n<p><\/p>\n\n\n\n<p><strong>Die Unternehmen:<\/strong><\/p>\n\n\n\n<ul class=\"wp-block-list\"><li><a href=\"http:\/\/rll-ag.de\" data-type=\"URL\" data-id=\"rll-ag.de\">Raiffeisen L\u00fcbbecker Land AG<\/a><\/li><li><a href=\"https:\/\/holzbauholste.de\/\" data-type=\"URL\" data-id=\"https:\/\/holzbauholste.de\/\">Holste Holzbau &amp; Planungsb\u00fcro GmbH<\/a><\/li><li><a href=\"https:\/\/www.buchholz-rahden.de\/\">Buchholz GmbH &amp; Co. KG<\/a><\/li><li><a href=\"https:\/\/lankhorst.de\/standorte\/1143\" data-type=\"URL\" data-id=\"https:\/\/lankhorst.de\/standorte\/1143\">D. Lankhorst GmbH &amp; Co. KG<\/a><\/li><li>Rehling Malerbetrieb, Inh. Tobias Langhorst<\/li><li>Elektro Kattelmann GmbH<\/li><li><a href=\"https:\/\/www.em-machines.com\/\">EM machines GmbH<\/a><\/li><li><a href=\"https:\/\/nissan-service-winkelmann-rahden.de\/de\/startseite\">Autozentrum Winkelmann<\/a><\/li><li><a href=\"https:\/\/www.tilinski.com\/\" data-type=\"URL\" data-id=\"https:\/\/www.tilinski.com\/\">Tilinski GmbH &amp; Co. KG<\/a><\/li><li><a href=\"http:\/\/stadtsparkasse-rahden.de\">Stadtsparkasse Rahden<\/a><\/li><li><a href=\"https:\/\/www.buergerstiftungps.de\/\">B\u00fcrgerstiftung Pr. Str\u00f6hen<\/a><\/li><li><a href=\"https:\/\/siquando.vehlber-rahden.de\/\" data-type=\"URL\" data-id=\"https:\/\/siquando.vehlber-rahden.de\/\">Vehler Land und Gartentechnik<\/a><\/li><li>Pohlys Snack Eck<\/li><li><a href=\"https:\/\/www.speukenkieker.de\/\" data-type=\"URL\" data-id=\"https:\/\/www.speukenkieker.de\/\">Speukenkieker<\/a><\/li><\/ul>\n\n\n\n<p><a href=\"https:\/\/preussisch-stroehen.de\/web\/tag\/aktuelles\/\">#Aktuelles<\/a> <a href=\"https:\/\/preussisch-stroehen.de\/web\/tag\/veranstaltungen\/\">#Veranstaltungen<\/a> <\/p>\n","protected":false},"excerpt":{"rendered":"<p>am 18. und 19. M\u00e4rz 2023 (bis 18 Uhr) 14 Heimische Betriebe stellen sich vor \u00d6rtliche Vereine stellen sich vor Essen und Trinken Schauprogramm H\u00fcpfburg und Kinderschminken Infos und Gespr\u00e4che Die Unternehmen: Raiffeisen L\u00fcbbecker Land AG Holste Holzbau &amp; Planungsb\u00fcro GmbH Buchholz GmbH &amp; Co. KG D. Lankhorst GmbH &amp; Co. KG Rehling Malerbetrieb, Inh. [&hellip;]<\/p>\n","protected":false},"author":1,"featured_media":14022,"comment_status":"closed","ping_status":"open","sticky":false,"template":"","format":"standard","meta":{"_jetpack_memberships_contains_paid_content":false,"footnotes":""},"categories":[1],"tags":[5,4],"class_list":["post-14021","post","type-post","status-publish","format-standard","has-post-thumbnail","hentry","category-uncategorized","tag-aktuelles","tag-veranstaltungen","post-preview"],"jetpack_featured_media_url":"https:\/\/preussisch-stroehen.de\/web\/wp-content\/uploads\/2023\/02\/2023.jpg","jetpack_sharing_enabled":true,"_links":{"self":[{"href":"https:\/\/preussisch-stroehen.de\/web\/wp-json\/wp\/v2\/posts\/14021","targetHints":{"allow":["GET"]}}],"collection":[{"href":"https:\/\/preussisch-stroehen.de\/web\/wp-json\/wp\/v2\/posts"}],"about":[{"href":"https:\/\/preussisch-stroehen.de\/web\/wp-json\/wp\/v2\/types\/post"}],"author":[{"embeddable":true,"href":"https:\/\/preussisch-stroehen.de\/web\/wp-json\/wp\/v2\/users\/1"}],"replies":[{"embeddable":true,"href":"https:\/\/preussisch-stroehen.de\/web\/wp-json\/wp\/v2\/comments?post=14021"}],"version-history":[{"count":1,"href":"https:\/\/preussisch-stroehen.de\/web\/wp-json\/wp\/v2\/posts\/14021\/revisions"}],"predecessor-version":[{"id":14023,"href":"https:\/\/preussisch-stroehen.de\/web\/wp-json\/wp\/v2\/posts\/14021\/revisions\/14023"}],"wp:featuredmedia":[{"embeddable":true,"href":"https:\/\/preussisch-stroehen.de\/web\/wp-json\/wp\/v2\/media\/14022"}],"wp:attachment":[{"href":"https:\/\/preussisch-stroehen.de\/web\/wp-json\/wp\/v2\/media?parent=14021"}],"wp:term":[{"taxonomy":"category","embeddable":true,"href":"https:\/\/preussisch-stroehen.de\/web\/wp-json\/wp\/v2\/categories?post=14021"},{"taxonomy":"post_tag","embeddable":true,"href":"https:\/\/preussisch-stroehen.de\/web\/wp-json\/wp\/v2\/tags?post=14021"}],"curies":[{"name":"wp","href":"https:\/\/api.w.org\/{rel}","templated":true}]}}