{"id":1413,"date":"2018-05-02T20:28:19","date_gmt":"2018-05-02T18:28:19","guid":{"rendered":"http:\/\/preussisch-stroehen.de\/wp\/?p=1413"},"modified":"2019-10-13T13:39:16","modified_gmt":"2019-10-13T13:39:16","slug":"schuetzenfest-pr-stroehen-2018","status":"publish","type":"post","link":"https:\/\/preussisch-stroehen.de\/web\/2018\/05\/02\/schuetzenfest-pr-stroehen-2018\/","title":{"rendered":"Sch\u00fctzenfest Pr. Str\u00f6hen 2018"},"content":{"rendered":"<p>Mit gro\u00dfen Schritten n\u00e4hern wir uns dem Pr. Str\u00f6her Sch\u00fctzenfest 2018.<\/p>\n<p>Das Fest soll wie folgt ablaufen:<\/p>\n<ul>\n<li><strong>Freitag, 15. Juni 2018<\/strong><br \/>\n15:00 Uhr Kindersch\u00fctzenfest<br \/>\n20:00 Uhr Party mit den <em>Rocktools<\/em> und den Gastvereinen Tielge, Kleinendorf und Reiningen<\/li>\n<li><strong>Samstag, 16. Juni 2018<br \/>\n<\/strong>13:00 Uhr Antreten der Jungsch\u00fctzen am Feuerwehrger\u00e4tehaus zum Abholen des Jungk\u00f6nigspaares<br \/>\n15:00 Uhr Antreten des gesamten Vereins am Draisinenbahnhof &#8222;Nordpunkt&#8220; zum Abholen des K\u00f6nigspaares<br \/>\n20:00 Uhr Party mit <em>Dr. Beat<\/em> und den Gastvereinen Wehe, Ha\u00dflingen, Butzendorf und den Jungsch\u00fctzen Sielhorst<\/li>\n<li><strong>Sonntag, 17. Juni 2018<\/strong><br \/>\n12:00 Uhr K\u00f6nigsschie\u00dfen mit musikalischer Unterhaltung der Heimatkapelle Rahden<br \/>\n17:00 Uhr Party mit<em> On the Rocks<\/em>Es finden WM-Live-\u00dcbertragungen statt<\/li>\n<\/ul>\n<p>&nbsp;<\/p>\n<p>Es freuen sich der Sch\u00fctzenverein Pr. Str\u00f6hen e.V. und der Gastwirt Wolfram K\u00f6lling mit seinem Team.<\/p>\n<p>&nbsp;<\/p>\n<p>&nbsp;<\/p>\n<p><a href=\"https:\/\/preussisch-stroehen.de\/web\/tag\/schuetzenverein\/\">#Sch\u00fctzenverein<\/a> <a href=\"https:\/\/preussisch-stroehen.de\/web\/tag\/spielmannszug\/\">#Spielmannszug<\/a> <a href=\"https:\/\/preussisch-stroehen.de\/web\/tag\/termine\/\">#Termine<\/a> <a href=\"https:\/\/preussisch-stroehen.de\/web\/tag\/aktuelles\/\">#Aktuelles<\/a><\/p>\n","protected":false},"excerpt":{"rendered":"<p>Mit gro\u00dfen Schritten n\u00e4hern wir uns dem Pr. Str\u00f6her Sch\u00fctzenfest 2018. Das Fest soll wie folgt ablaufen: Freitag, 15. Juni 2018 15:00 Uhr Kindersch\u00fctzenfest 20:00 Uhr Party mit den Rocktools und den Gastvereinen Tielge, Kleinendorf und Reiningen Samstag, 16. Juni 2018 13:00 Uhr Antreten der Jungsch\u00fctzen am Feuerwehrger\u00e4tehaus zum Abholen des Jungk\u00f6nigspaares 15:00 Uhr Antreten [&hellip;]<\/p>\n","protected":false},"author":1,"featured_media":1415,"comment_status":"closed","ping_status":"open","sticky":false,"template":"","format":"standard","meta":{"_jetpack_memberships_contains_paid_content":false,"footnotes":""},"categories":[1],"tags":[5,11,50,34],"class_list":["post-1413","post","type-post","status-publish","format-standard","has-post-thumbnail","hentry","category-uncategorized","tag-aktuelles","tag-schuetzenverein","tag-spielmannszug","tag-termine","post-preview"],"jetpack_featured_media_url":"https:\/\/preussisch-stroehen.de\/web\/wp-content\/uploads\/2018\/05\/sf2018.jpg","jetpack_sharing_enabled":true,"_links":{"self":[{"href":"https:\/\/preussisch-stroehen.de\/web\/wp-json\/wp\/v2\/posts\/1413","targetHints":{"allow":["GET"]}}],"collection":[{"href":"https:\/\/preussisch-stroehen.de\/web\/wp-json\/wp\/v2\/posts"}],"about":[{"href":"https:\/\/preussisch-stroehen.de\/web\/wp-json\/wp\/v2\/types\/post"}],"author":[{"embeddable":true,"href":"https:\/\/preussisch-stroehen.de\/web\/wp-json\/wp\/v2\/users\/1"}],"replies":[{"embeddable":true,"href":"https:\/\/preussisch-stroehen.de\/web\/wp-json\/wp\/v2\/comments?post=1413"}],"version-history":[{"count":4,"href":"https:\/\/preussisch-stroehen.de\/web\/wp-json\/wp\/v2\/posts\/1413\/revisions"}],"predecessor-version":[{"id":1428,"href":"https:\/\/preussisch-stroehen.de\/web\/wp-json\/wp\/v2\/posts\/1413\/revisions\/1428"}],"wp:featuredmedia":[{"embeddable":true,"href":"https:\/\/preussisch-stroehen.de\/web\/wp-json\/wp\/v2\/media\/1415"}],"wp:attachment":[{"href":"https:\/\/preussisch-stroehen.de\/web\/wp-json\/wp\/v2\/media?parent=1413"}],"wp:term":[{"taxonomy":"category","embeddable":true,"href":"https:\/\/preussisch-stroehen.de\/web\/wp-json\/wp\/v2\/categories?post=1413"},{"taxonomy":"post_tag","embeddable":true,"href":"https:\/\/preussisch-stroehen.de\/web\/wp-json\/wp\/v2\/tags?post=1413"}],"curies":[{"name":"wp","href":"https:\/\/api.w.org\/{rel}","templated":true}]}}