{"id":1564,"date":"2018-12-05T18:30:01","date_gmt":"2018-12-05T17:30:01","guid":{"rendered":"https:\/\/preussisch-stroehen.de\/wp\/?p=1564"},"modified":"2019-10-13T13:37:59","modified_gmt":"2019-10-13T13:37:59","slug":"weihnachtspreisschiessen-sv-pr-stroehen","status":"publish","type":"post","link":"https:\/\/preussisch-stroehen.de\/web\/2018\/12\/05\/weihnachtspreisschiessen-sv-pr-stroehen\/","title":{"rendered":"Weihnachtspreisschie\u00dfen SV Pr. Str\u00f6hen"},"content":{"rendered":"<p>Der <a href=\"https:\/\/preussisch-stroehen.de\/web\/tag\/schuetzenverein\/\">#Sch\u00fctzenverein<\/a> Pr. Str\u00f6hen veranstaltet am Sonntag 09.12.18 sein Weihnachtspreisschie\u00dfen mit Jugend-Preisschie\u00dfen sowie &#8218;Er- und Sie- Pokalschie\u00dfen&#8216; auf dem Schie\u00dfstand am Vereinslokal Speukenkieker.<br \/>\nGeschossen werden kann in der Zeit von 14.00 Uhr &#8211; 18.00 Uhr.<br \/>\nKinder und Jugendliche k\u00f6nnen mit einem Lichtpunktgewehr am Schie\u00dfen teilnehmen, auf sie warten sch\u00f6ne Sachpreise<br \/>\nund f\u00fcr die &#8222;\u00c4lteren&#8220; gibts es traditionell leckere Gefl\u00fcgelspezialit\u00e4ten zu gewinnen. <\/p>\n<p>Da der Verein \u00fcber die Anschaffung einer Anlage zur elektronischen Auswertung der Schie\u00dfergebnisse nachdenkt.<br \/>\nKann parallel zum Preisschie\u00dfen auf dem Luftgewehrstand eine Probeanlage der Fa. Meyton getestet werden. <\/p>\n<p><a href=\"https:\/\/preussisch-stroehen.de\/web\/tag\/aktuelles\/\">#Aktuelles<\/a> <a href=\"https:\/\/preussisch-stroehen.de\/web\/tag\/veranstaltungen\/\">#Veranstaltungen<\/a> <a href=\"https:\/\/preussisch-stroehen.de\/web\/tag\/schuetzenverein\/\">#Sch\u00fctzenverein<\/a><\/p>\n","protected":false},"excerpt":{"rendered":"<p>Der #Sch\u00fctzenverein Pr. Str\u00f6hen veranstaltet am Sonntag 09.12.18 sein Weihnachtspreisschie\u00dfen mit Jugend-Preisschie\u00dfen sowie &#8218;Er- und Sie- Pokalschie\u00dfen&#8216; auf dem Schie\u00dfstand am Vereinslokal Speukenkieker. Geschossen werden kann in der Zeit von 14.00 Uhr &#8211; 18.00 Uhr. Kinder und Jugendliche k\u00f6nnen mit einem Lichtpunktgewehr am Schie\u00dfen teilnehmen, auf sie warten sch\u00f6ne Sachpreise und f\u00fcr die &#8222;\u00c4lteren&#8220; gibts [&hellip;]<\/p>\n","protected":false},"author":3,"featured_media":549,"comment_status":"closed","ping_status":"open","sticky":false,"template":"","format":"standard","meta":{"_jetpack_memberships_contains_paid_content":false,"footnotes":""},"categories":[1],"tags":[5,11,4],"class_list":["post-1564","post","type-post","status-publish","format-standard","has-post-thumbnail","hentry","category-uncategorized","tag-aktuelles","tag-schuetzenverein","tag-veranstaltungen","post-preview"],"jetpack_featured_media_url":"https:\/\/preussisch-stroehen.de\/web\/wp-content\/uploads\/2017\/02\/Schuetzenwappen-e1544030809503.jpg","jetpack_sharing_enabled":true,"_links":{"self":[{"href":"https:\/\/preussisch-stroehen.de\/web\/wp-json\/wp\/v2\/posts\/1564","targetHints":{"allow":["GET"]}}],"collection":[{"href":"https:\/\/preussisch-stroehen.de\/web\/wp-json\/wp\/v2\/posts"}],"about":[{"href":"https:\/\/preussisch-stroehen.de\/web\/wp-json\/wp\/v2\/types\/post"}],"author":[{"embeddable":true,"href":"https:\/\/preussisch-stroehen.de\/web\/wp-json\/wp\/v2\/users\/3"}],"replies":[{"embeddable":true,"href":"https:\/\/preussisch-stroehen.de\/web\/wp-json\/wp\/v2\/comments?post=1564"}],"version-history":[{"count":1,"href":"https:\/\/preussisch-stroehen.de\/web\/wp-json\/wp\/v2\/posts\/1564\/revisions"}],"predecessor-version":[{"id":1565,"href":"https:\/\/preussisch-stroehen.de\/web\/wp-json\/wp\/v2\/posts\/1564\/revisions\/1565"}],"wp:featuredmedia":[{"embeddable":true,"href":"https:\/\/preussisch-stroehen.de\/web\/wp-json\/wp\/v2\/media\/549"}],"wp:attachment":[{"href":"https:\/\/preussisch-stroehen.de\/web\/wp-json\/wp\/v2\/media?parent=1564"}],"wp:term":[{"taxonomy":"category","embeddable":true,"href":"https:\/\/preussisch-stroehen.de\/web\/wp-json\/wp\/v2\/categories?post=1564"},{"taxonomy":"post_tag","embeddable":true,"href":"https:\/\/preussisch-stroehen.de\/web\/wp-json\/wp\/v2\/tags?post=1564"}],"curies":[{"name":"wp","href":"https:\/\/api.w.org\/{rel}","templated":true}]}}