{"id":15853,"date":"2023-07-19T19:09:38","date_gmt":"2023-07-19T19:09:38","guid":{"rendered":"https:\/\/preussisch-stroehen.de\/web\/?p=15853"},"modified":"2023-07-19T19:09:38","modified_gmt":"2023-07-19T19:09:38","slug":"75-jaehriges-jubilaeum","status":"publish","type":"post","link":"https:\/\/preussisch-stroehen.de\/web\/2023\/07\/19\/75-jaehriges-jubilaeum\/","title":{"rendered":"75 j\u00e4hriges Jubil\u00e4um"},"content":{"rendered":"\n<p>Einladung zum 75 j\u00e4hrigen Jubil\u00e4um<\/p>\n\n\n\n<p>Am 03.09.2023 in Buschendorf&#8217;s Gasthaus in Pr. Str\u00f6hen<br>Empfang: 11 Uhr<\/p>\n\n\n\n<ul class=\"wp-block-list\"><li>Begr\u00fc\u00dfung der Ehreng\u00e4ste und G\u00e4ste<\/li><li>Anschlie\u00dfend Mittagsbuffet<\/li><li>Nachmittas Kaffe- und Kuchenbuffet der Landfrauen<\/li><li>Ausstellung Landwirtschaft &#8211; Fr\u00fcher und heute<\/li><\/ul>\n\n\n\n<p>Es freuen sich auf eine rege Teilnahme<\/p>\n\n\n\n<p>Landwirtschaftlicher Ortsverein Pr. Str\u00f6hen und Landfrauen Pr. Str\u00f6hen<\/p>\n\n\n\n<p><\/p>\n\n\n\n<p><a href=\"https:\/\/preussisch-stroehen.de\/web\/tag\/ortsverein\/\">#Ortsverein<\/a> <a href=\"https:\/\/preussisch-stroehen.de\/web\/tag\/landfrauen\/\">#Landfrauen<\/a> <a href=\"https:\/\/preussisch-stroehen.de\/web\/tag\/aktuelles\/\">#Aktuelles<\/a><\/p>\n","protected":false},"excerpt":{"rendered":"<p>Einladung zum 75 j\u00e4hrigen Jubil\u00e4um Am 03.09.2023 in Buschendorf&#8217;s Gasthaus in Pr. Str\u00f6henEmpfang: 11 Uhr Begr\u00fc\u00dfung der Ehreng\u00e4ste und G\u00e4ste Anschlie\u00dfend Mittagsbuffet Nachmittas Kaffe- und Kuchenbuffet der Landfrauen Ausstellung Landwirtschaft &#8211; Fr\u00fcher und heute Es freuen sich auf eine rege Teilnahme Landwirtschaftlicher Ortsverein Pr. Str\u00f6hen und Landfrauen Pr. Str\u00f6hen #Ortsverein #Landfrauen #Aktuelles<\/p>\n","protected":false},"author":1,"featured_media":15854,"comment_status":"closed","ping_status":"open","sticky":false,"template":"","format":"standard","meta":{"_jetpack_memberships_contains_paid_content":false,"footnotes":""},"categories":[1],"tags":[5,24,19],"class_list":["post-15853","post","type-post","status-publish","format-standard","has-post-thumbnail","hentry","category-uncategorized","tag-aktuelles","tag-landfrauen","tag-ortsverein","post-preview"],"jetpack_featured_media_url":"https:\/\/preussisch-stroehen.de\/web\/wp-content\/uploads\/2023\/07\/75-Jahre_OV.jpg","jetpack_sharing_enabled":true,"_links":{"self":[{"href":"https:\/\/preussisch-stroehen.de\/web\/wp-json\/wp\/v2\/posts\/15853","targetHints":{"allow":["GET"]}}],"collection":[{"href":"https:\/\/preussisch-stroehen.de\/web\/wp-json\/wp\/v2\/posts"}],"about":[{"href":"https:\/\/preussisch-stroehen.de\/web\/wp-json\/wp\/v2\/types\/post"}],"author":[{"embeddable":true,"href":"https:\/\/preussisch-stroehen.de\/web\/wp-json\/wp\/v2\/users\/1"}],"replies":[{"embeddable":true,"href":"https:\/\/preussisch-stroehen.de\/web\/wp-json\/wp\/v2\/comments?post=15853"}],"version-history":[{"count":1,"href":"https:\/\/preussisch-stroehen.de\/web\/wp-json\/wp\/v2\/posts\/15853\/revisions"}],"predecessor-version":[{"id":15855,"href":"https:\/\/preussisch-stroehen.de\/web\/wp-json\/wp\/v2\/posts\/15853\/revisions\/15855"}],"wp:featuredmedia":[{"embeddable":true,"href":"https:\/\/preussisch-stroehen.de\/web\/wp-json\/wp\/v2\/media\/15854"}],"wp:attachment":[{"href":"https:\/\/preussisch-stroehen.de\/web\/wp-json\/wp\/v2\/media?parent=15853"}],"wp:term":[{"taxonomy":"category","embeddable":true,"href":"https:\/\/preussisch-stroehen.de\/web\/wp-json\/wp\/v2\/categories?post=15853"},{"taxonomy":"post_tag","embeddable":true,"href":"https:\/\/preussisch-stroehen.de\/web\/wp-json\/wp\/v2\/tags?post=15853"}],"curies":[{"name":"wp","href":"https:\/\/api.w.org\/{rel}","templated":true}]}}