{"id":1745,"date":"2019-05-20T18:48:13","date_gmt":"2019-05-20T16:48:13","guid":{"rendered":"https:\/\/preussisch-stroehen.de\/wp\/?p=1745"},"modified":"2019-10-13T13:30:52","modified_gmt":"2019-10-13T13:30:52","slug":"festversammlung-des-schuetzenvereins-2019","status":"publish","type":"post","link":"https:\/\/preussisch-stroehen.de\/web\/2019\/05\/20\/festversammlung-des-schuetzenvereins-2019\/","title":{"rendered":"Festversammlung des Sch\u00fctzenvereins 2019"},"content":{"rendered":"\n<p>Der Sch\u00fctzenverein Pr. Str\u00f6hen f\u00fchrt am Donnerstag, dem 23. Mai 2019 seine diesj\u00e4hrige Festversammlung in der Sch\u00fctzenhalle am Vereinslokal Speuckenkieker durch.  <br>Die Versammlung dient der Vorbereitung des Sch\u00fctzenfestes vom 21. &#8211; 23. Juni 2019. <br>Es wird um zahlreiche Beteiligung gebeten, da wie auch in\u00a0den vergangenen Jahren viele helfende H\u00e4nde ben\u00f6tigt werden. <br>Die Zusammenkunft findet um 19.30 Uhr in Uniform statt. <\/p>\n\n\n\n<p><a href=\"https:\/\/preussisch-stroehen.de\/web\/tag\/schuetzenverein\/\">#Sch\u00fctzenverein<\/a><\/p>\n","protected":false},"excerpt":{"rendered":"<p>Der Sch\u00fctzenverein Pr. Str\u00f6hen f\u00fchrt am Donnerstag, dem 23. Mai 2019 seine diesj\u00e4hrige Festversammlung in der Sch\u00fctzenhalle am Vereinslokal Speuckenkieker durch. Die Versammlung dient der Vorbereitung des Sch\u00fctzenfestes vom 21. &#8211; 23. Juni 2019. Es wird um zahlreiche Beteiligung gebeten, da wie auch in\u00a0den vergangenen Jahren viele helfende H\u00e4nde ben\u00f6tigt werden. Die Zusammenkunft findet um [&hellip;]<\/p>\n","protected":false},"author":3,"featured_media":549,"comment_status":"open","ping_status":"open","sticky":false,"template":"","format":"standard","meta":{"_jetpack_memberships_contains_paid_content":false,"footnotes":""},"categories":[1],"tags":[11],"class_list":["post-1745","post","type-post","status-publish","format-standard","has-post-thumbnail","hentry","category-uncategorized","tag-schuetzenverein","post-preview"],"jetpack_featured_media_url":"https:\/\/preussisch-stroehen.de\/web\/wp-content\/uploads\/2017\/02\/Schuetzenwappen-e1544030809503.jpg","jetpack_sharing_enabled":true,"_links":{"self":[{"href":"https:\/\/preussisch-stroehen.de\/web\/wp-json\/wp\/v2\/posts\/1745","targetHints":{"allow":["GET"]}}],"collection":[{"href":"https:\/\/preussisch-stroehen.de\/web\/wp-json\/wp\/v2\/posts"}],"about":[{"href":"https:\/\/preussisch-stroehen.de\/web\/wp-json\/wp\/v2\/types\/post"}],"author":[{"embeddable":true,"href":"https:\/\/preussisch-stroehen.de\/web\/wp-json\/wp\/v2\/users\/3"}],"replies":[{"embeddable":true,"href":"https:\/\/preussisch-stroehen.de\/web\/wp-json\/wp\/v2\/comments?post=1745"}],"version-history":[{"count":1,"href":"https:\/\/preussisch-stroehen.de\/web\/wp-json\/wp\/v2\/posts\/1745\/revisions"}],"predecessor-version":[{"id":1746,"href":"https:\/\/preussisch-stroehen.de\/web\/wp-json\/wp\/v2\/posts\/1745\/revisions\/1746"}],"wp:featuredmedia":[{"embeddable":true,"href":"https:\/\/preussisch-stroehen.de\/web\/wp-json\/wp\/v2\/media\/549"}],"wp:attachment":[{"href":"https:\/\/preussisch-stroehen.de\/web\/wp-json\/wp\/v2\/media?parent=1745"}],"wp:term":[{"taxonomy":"category","embeddable":true,"href":"https:\/\/preussisch-stroehen.de\/web\/wp-json\/wp\/v2\/categories?post=1745"},{"taxonomy":"post_tag","embeddable":true,"href":"https:\/\/preussisch-stroehen.de\/web\/wp-json\/wp\/v2\/tags?post=1745"}],"curies":[{"name":"wp","href":"https:\/\/api.w.org\/{rel}","templated":true}]}}