{"id":1751,"date":"2019-06-11T19:03:46","date_gmt":"2019-06-11T19:03:46","guid":{"rendered":"https:\/\/preussisch-stroehen.de\/wp\/?p=1751"},"modified":"2019-10-13T13:23:15","modified_gmt":"2019-10-13T13:23:15","slug":"schuetzenfest-preussisch-stroehen-2019","status":"publish","type":"post","link":"https:\/\/preussisch-stroehen.de\/web\/2019\/06\/11\/schuetzenfest-preussisch-stroehen-2019\/","title":{"rendered":"Sch\u00fctzenfest Preu\u00dfisch Str\u00f6hen 2019"},"content":{"rendered":"\n<p>vom<strong> 21. &#8211; 23. Juni 2019<\/strong> wird in Preu\u00dfisch Str\u00f6hen wieder das legend\u00e4re #<strong>Sch\u00fctzenfest <\/strong>gefeiert. <\/p>\n\n\n\n<p><\/p>\n\n\n\n<figure class=\"wp-block-image\"><img loading=\"lazy\" decoding=\"async\" width=\"1000\" height=\"533\" src=\"https:\/\/preussisch-stroehen.de\/wp\/wp-content\/uploads\/2019\/06\/Hofstaat18web.jpg\" alt=\"\" class=\"wp-image-1846\" srcset=\"https:\/\/preussisch-stroehen.de\/web\/wp-content\/uploads\/2019\/06\/Hofstaat18web.jpg 1000w, https:\/\/preussisch-stroehen.de\/web\/wp-content\/uploads\/2019\/06\/Hofstaat18web-300x160.jpg 300w, https:\/\/preussisch-stroehen.de\/web\/wp-content\/uploads\/2019\/06\/Hofstaat18web-768x409.jpg 768w, https:\/\/preussisch-stroehen.de\/web\/wp-content\/uploads\/2019\/06\/Hofstaat18web-676x360.jpg 676w\" sizes=\"auto, (max-width: 1000px) 100vw, 1000px\" \/><figcaption> Der Hofstaat freut sich alle G\u00e4ste aus nah und fern begr\u00fc\u00dfen zu d\u00fcrfen.  <\/figcaption><\/figure>\n\n\n\n<p>Au\u00dferdem gibt der Vorstand des Sch\u00fctzenvereins folgendes Programm bekannt.  <!--more--> <\/p>\n\n\n\n<p><strong>Freitag, 21. Juni 2019<\/strong><br>Um <strong>15.00 Uhr<\/strong> Beginn des <strong>Kindersch\u00fctzenfestes <\/strong>auf dem Festplatz mit verschiedenen Spielen sowie Ermittlung eines neuen Kinderk\u00f6nigspaares. Es wird auch wieder eine H\u00fcpfburg f\u00fcr Freitag und Sonntag besorgt.  <\/p>\n\n\n\n<p>In der Reithalle findet gleichzeitig eine <strong>Kaffeetafel <\/strong>f\u00fcr Alt und Jung statt. Die Alte Garde des Sch\u00fctzenvereins trifft sich hierzu um <strong>15.00 Uhr<\/strong>. F\u00fcr eine musikalische Unterhaltung sorgt Helmut Langhorst. <br>Um <strong>18.00 Uhr<\/strong> Antreten des Sch\u00fctzenvereins mit den \u00f6rtlichen Vereinen (Feuerwehr, Sportverein, Reiterverein, Kameradschaft ehemaliger Soldaten) sowie den Kindern des Kindersch\u00fctzenfestes beim Seniorenheim G\u00e4rtner. <br>Die Kinder werden zuvor vom Spielmannszug vom Festplatz abgeholt. Beginn daf\u00fcr ist 17:30 Uhr. <br>Anschlie\u00dfend Marsch zum Festplatz. <br>Marschweg: Pr. Str\u00f6her Allee, Siedlung Am Speukebusch, Alte Kirchstra\u00dfe, An der Aue, Festplatz. <br>Um <strong>19.00 Uhr<\/strong> Proklamation des neuen Kinderk\u00f6nigspaares in der Reithalle.  <br>Um <strong>20.00 Uhr<\/strong> Empfang der Gastvereine Kleinendorf, <a href=\"https:\/\/preussisch-stroehen.de\/web\/tag\/tielge\/\">#Tielge<\/a> und den Jungsch\u00fctzen aus Varlheide und anschlie\u00dfend Party mit der Tanzband <a href=\"http:\/\/www.vertigo-tanzband.de\">Vertigo<\/a>.<\/p>\n\n\n\n<p><strong>Samstag, 22. Juni 2019<\/strong><\/p>\n\n\n\n<p>Um <strong>13.00 Uhr<\/strong> Antreten der Jungsch\u00fctzen und des Spielmannzuges beim Feuerwehrger\u00e4tehaus Pr. Str\u00f6hen zum Abholen des Jungsch\u00fctzenk\u00f6nigs Maik Cording und Shari Reinberger. <br> Um <strong>15.00 Uhr <\/strong>Antreten des Sch\u00fctzenvereines zusammen mit den Jungsch\u00fctzen und den Spielmannsz\u00fcgen Pr. Str\u00f6hen und Wehe im Klostergarten (H\u00f6he Sackgasse Klostergarten 21, und Marsch zum K\u00f6nigshaus Andreas und Marion Gardemann, Klostergarten 21. <br> Der Wagen der Alten Garde startet um 14.00 Uhr auf dem Festplatz und f\u00e4hrt anschlie\u00dfend als Sammeltransport die Stationen K\u00f6lling, Buschendorf, Speukenkieker und Ernstbur an. <br> F\u00fcr musikalische Unterhaltung am K\u00f6nigshaus sorgen die Spielmannsz\u00fcge Pr. Str\u00f6hen und Wehe. Der R\u00fcckmarsch vom K\u00f6nigshaus erfolgt um <strong>17.00 Uhr<\/strong> mit den Spielmannsz\u00fcgen Pr. Str\u00f6hen und Wehe \u00fcber folgende Stra\u00dfen: Klostergarten \u2192 Alte Kirchstra\u00dfe \u2192 An der Aue \u2192 Festplatz an der Reithalle  <br>Gegen <strong>19.00 Uhr <\/strong>Eintreffen auf dem Festplatz. Hier anschlie\u00dfend Ehrungen und Bef\u00f6rderungen. <br>Um <strong>20.00 Uhr<\/strong> Empfang der Gastvereine Wagenfeld-Ha\u00dflingen, Wehe sowie den Jungsch\u00fctzen aus Sielhorst.<br>Anschlie\u00dfend Party mit der Band <a href=\"https:\/\/www.streetlight-band.de\/\">Streetlight<\/a>.<\/p>\n\n\n\n<p><strong>Sonntag, 23. Juni 2019<\/strong><\/p>\n\n\n\n<p>Um <strong>13.00 Uhr<\/strong> Kirchgang. <br>Um <strong>13.45 Uhr <\/strong>Antreten bei  Buschendorf, Marsch zum Festplatz und anschlie\u00dfend K\u00f6nigsschie\u00dfen. Alt- und Jungsch\u00fctzen schie\u00dfen dabei gleichzeitig.  <br>Ab <strong>14.00 Uhr<\/strong> musikalische Unterhaltung mit der Kapelle De Langenberger Muzikante aus Holland. <br>Anschlie\u00dfend Proklamation der neuen K\u00f6nige auf dem Festplatz. Danach Einmarsch in die Reithalle mit nachfolgendem Festball \u2013 ca. <strong>17.00\/18.00 Uhr.<\/strong> <br>Anschlie\u00dfend Party mit <a href=\"https:\/\/www.on-the-rox.de\/startseite.html\">On the Rox<\/a>.<\/p>\n\n\n\n<p> <\/p>\n\n\n\n<p><\/p>\n\n\n\n<p><a href=\"https:\/\/preussisch-stroehen.de\/web\/tag\/schuetzenverein\/\">#Sch\u00fctzenverein<\/a> <a href=\"https:\/\/preussisch-stroehen.de\/web\/tag\/schuetzenfest\/\">#Sch\u00fctzenfest<\/a> <a href=\"https:\/\/preussisch-stroehen.de\/web\/tag\/svtielge\/\">#SVTielge<\/a> <a href=\"https:\/\/preussisch-stroehen.de\/web\/tag\/aktuelles\/\">#Aktuelles<\/a><\/p>\n","protected":false},"excerpt":{"rendered":"<p>vom 21. &#8211; 23. Juni 2019 wird in Preu\u00dfisch Str\u00f6hen wieder das legend\u00e4re #Sch\u00fctzenfest gefeiert. Au\u00dferdem gibt der Vorstand des Sch\u00fctzenvereins folgendes Programm bekannt.<\/p>\n","protected":false},"author":3,"featured_media":1752,"comment_status":"closed","ping_status":"closed","sticky":false,"template":"","format":"standard","meta":{"_jetpack_memberships_contains_paid_content":false,"footnotes":""},"categories":[1],"tags":[5,12,11,14,13],"class_list":["post-1751","post","type-post","status-publish","format-standard","has-post-thumbnail","hentry","category-uncategorized","tag-aktuelles","tag-schuetzenfest","tag-schuetzenverein","tag-svtielge","tag-tielge","post-preview"],"jetpack_featured_media_url":"https:\/\/preussisch-stroehen.de\/web\/wp-content\/uploads\/2019\/05\/sfplakat2019.jpg","jetpack_sharing_enabled":true,"_links":{"self":[{"href":"https:\/\/preussisch-stroehen.de\/web\/wp-json\/wp\/v2\/posts\/1751","targetHints":{"allow":["GET"]}}],"collection":[{"href":"https:\/\/preussisch-stroehen.de\/web\/wp-json\/wp\/v2\/posts"}],"about":[{"href":"https:\/\/preussisch-stroehen.de\/web\/wp-json\/wp\/v2\/types\/post"}],"author":[{"embeddable":true,"href":"https:\/\/preussisch-stroehen.de\/web\/wp-json\/wp\/v2\/users\/3"}],"replies":[{"embeddable":true,"href":"https:\/\/preussisch-stroehen.de\/web\/wp-json\/wp\/v2\/comments?post=1751"}],"version-history":[{"count":12,"href":"https:\/\/preussisch-stroehen.de\/web\/wp-json\/wp\/v2\/posts\/1751\/revisions"}],"predecessor-version":[{"id":2049,"href":"https:\/\/preussisch-stroehen.de\/web\/wp-json\/wp\/v2\/posts\/1751\/revisions\/2049"}],"wp:featuredmedia":[{"embeddable":true,"href":"https:\/\/preussisch-stroehen.de\/web\/wp-json\/wp\/v2\/media\/1752"}],"wp:attachment":[{"href":"https:\/\/preussisch-stroehen.de\/web\/wp-json\/wp\/v2\/media?parent=1751"}],"wp:term":[{"taxonomy":"category","embeddable":true,"href":"https:\/\/preussisch-stroehen.de\/web\/wp-json\/wp\/v2\/categories?post=1751"},{"taxonomy":"post_tag","embeddable":true,"href":"https:\/\/preussisch-stroehen.de\/web\/wp-json\/wp\/v2\/tags?post=1751"}],"curies":[{"name":"wp","href":"https:\/\/api.w.org\/{rel}","templated":true}]}}