{"id":17776,"date":"2023-12-11T18:57:30","date_gmt":"2023-12-11T18:57:30","guid":{"rendered":"https:\/\/preussisch-stroehen.de\/web\/?p=17776"},"modified":"2023-12-11T18:57:30","modified_gmt":"2023-12-11T18:57:30","slug":"termine-schuetzenverein-pr-stroehen-2024","status":"publish","type":"post","link":"https:\/\/preussisch-stroehen.de\/web\/2023\/12\/11\/termine-schuetzenverein-pr-stroehen-2024\/","title":{"rendered":"Termine Sch\u00fctzenverein Pr. Str\u00f6hen 2024"},"content":{"rendered":"\n<p>Die neuen Termine f\u00fcr den Sch\u00fctzenverein Pr. Str\u00f6hen stehen ab sofort <a href=\"https:\/\/pr-stroehen.de\/sv\/termine2024.pdf\">hier<\/a> zur Verf\u00fcgung.<\/p>\n\n\n\n<p><\/p>\n\n\n\n<p><a href=\"https:\/\/preussisch-stroehen.de\/web\/tag\/schuetzenverein\/\">#Sch\u00fctzenverein<\/a> <a href=\"https:\/\/preussisch-stroehen.de\/web\/tag\/aktuelles\/\">#Aktuelles<\/a><\/p>\n","protected":false},"excerpt":{"rendered":"<p>Die neuen Termine f\u00fcr den Sch\u00fctzenverein Pr. Str\u00f6hen stehen ab sofort hier zur Verf\u00fcgung. #Sch\u00fctzenverein #Aktuelles<\/p>\n","protected":false},"author":1,"featured_media":549,"comment_status":"closed","ping_status":"open","sticky":false,"template":"","format":"standard","meta":{"_jetpack_memberships_contains_paid_content":false,"footnotes":""},"categories":[1],"tags":[5,11],"class_list":["post-17776","post","type-post","status-publish","format-standard","has-post-thumbnail","hentry","category-uncategorized","tag-aktuelles","tag-schuetzenverein","post-preview"],"jetpack_featured_media_url":"https:\/\/preussisch-stroehen.de\/web\/wp-content\/uploads\/2017\/02\/Schuetzenwappen-e1544030809503.jpg","jetpack_sharing_enabled":true,"_links":{"self":[{"href":"https:\/\/preussisch-stroehen.de\/web\/wp-json\/wp\/v2\/posts\/17776","targetHints":{"allow":["GET"]}}],"collection":[{"href":"https:\/\/preussisch-stroehen.de\/web\/wp-json\/wp\/v2\/posts"}],"about":[{"href":"https:\/\/preussisch-stroehen.de\/web\/wp-json\/wp\/v2\/types\/post"}],"author":[{"embeddable":true,"href":"https:\/\/preussisch-stroehen.de\/web\/wp-json\/wp\/v2\/users\/1"}],"replies":[{"embeddable":true,"href":"https:\/\/preussisch-stroehen.de\/web\/wp-json\/wp\/v2\/comments?post=17776"}],"version-history":[{"count":1,"href":"https:\/\/preussisch-stroehen.de\/web\/wp-json\/wp\/v2\/posts\/17776\/revisions"}],"predecessor-version":[{"id":17777,"href":"https:\/\/preussisch-stroehen.de\/web\/wp-json\/wp\/v2\/posts\/17776\/revisions\/17777"}],"wp:featuredmedia":[{"embeddable":true,"href":"https:\/\/preussisch-stroehen.de\/web\/wp-json\/wp\/v2\/media\/549"}],"wp:attachment":[{"href":"https:\/\/preussisch-stroehen.de\/web\/wp-json\/wp\/v2\/media?parent=17776"}],"wp:term":[{"taxonomy":"category","embeddable":true,"href":"https:\/\/preussisch-stroehen.de\/web\/wp-json\/wp\/v2\/categories?post=17776"},{"taxonomy":"post_tag","embeddable":true,"href":"https:\/\/preussisch-stroehen.de\/web\/wp-json\/wp\/v2\/tags?post=17776"}],"curies":[{"name":"wp","href":"https:\/\/api.w.org\/{rel}","templated":true}]}}