{"id":1933,"date":"2019-07-16T18:57:18","date_gmt":"2019-07-16T18:57:18","guid":{"rendered":"https:\/\/preussisch-stroehen.de\/wp\/?p=1933"},"modified":"2019-10-13T13:21:52","modified_gmt":"2019-10-13T13:21:52","slug":"teilnahme-des-schuetzenvereins-am-jubilaeumsschuetzenfest-in-butzendorf","status":"publish","type":"post","link":"https:\/\/preussisch-stroehen.de\/web\/2019\/07\/16\/teilnahme-des-schuetzenvereins-am-jubilaeumsschuetzenfest-in-butzendorf\/","title":{"rendered":"Teilnahme des Sch\u00fctzenvereins am Jubil\u00e4umssch\u00fctzenfest in Butzendorf"},"content":{"rendered":"\n<p>Der Sch\u00fctzenverein Pr. Str\u00f6hen nimmt am Samstag, dem 20. Juli 2019 am Jubil\u00e4umssch\u00fctzenfest in Str\u00f6hen-Butzendorf teil. Es wird ein Bus eingesetzt, der um 16.00 Uhr bei K\u00f6lling startet und anschlie\u00dfend die bekannten Haltestellen anf\u00e4hrt. Antreten ist um 16.45 Uhr am Gasthaus St\u00f6rmer. <\/p>\n\n\n\n<p><a href=\"https:\/\/preussisch-stroehen.de\/web\/tag\/schuetzenverein\/\">#Sch\u00fctzenverein<\/a><\/p>\n","protected":false},"excerpt":{"rendered":"<p>Der Sch\u00fctzenverein Pr. Str\u00f6hen nimmt am Samstag, dem 20. Juli 2019 am Jubil\u00e4umssch\u00fctzenfest in Str\u00f6hen-Butzendorf teil. Es wird ein Bus eingesetzt, der um 16.00 Uhr bei K\u00f6lling startet und anschlie\u00dfend die bekannten Haltestellen anf\u00e4hrt. Antreten ist um 16.45 Uhr am Gasthaus St\u00f6rmer. #Sch\u00fctzenverein<\/p>\n","protected":false},"author":3,"featured_media":549,"comment_status":"closed","ping_status":"closed","sticky":false,"template":"","format":"standard","meta":{"_jetpack_memberships_contains_paid_content":false,"footnotes":""},"categories":[1],"tags":[11],"class_list":["post-1933","post","type-post","status-publish","format-standard","has-post-thumbnail","hentry","category-uncategorized","tag-schuetzenverein","post-preview"],"jetpack_featured_media_url":"https:\/\/preussisch-stroehen.de\/web\/wp-content\/uploads\/2017\/02\/Schuetzenwappen-e1544030809503.jpg","jetpack_sharing_enabled":true,"_links":{"self":[{"href":"https:\/\/preussisch-stroehen.de\/web\/wp-json\/wp\/v2\/posts\/1933","targetHints":{"allow":["GET"]}}],"collection":[{"href":"https:\/\/preussisch-stroehen.de\/web\/wp-json\/wp\/v2\/posts"}],"about":[{"href":"https:\/\/preussisch-stroehen.de\/web\/wp-json\/wp\/v2\/types\/post"}],"author":[{"embeddable":true,"href":"https:\/\/preussisch-stroehen.de\/web\/wp-json\/wp\/v2\/users\/3"}],"replies":[{"embeddable":true,"href":"https:\/\/preussisch-stroehen.de\/web\/wp-json\/wp\/v2\/comments?post=1933"}],"version-history":[{"count":2,"href":"https:\/\/preussisch-stroehen.de\/web\/wp-json\/wp\/v2\/posts\/1933\/revisions"}],"predecessor-version":[{"id":2048,"href":"https:\/\/preussisch-stroehen.de\/web\/wp-json\/wp\/v2\/posts\/1933\/revisions\/2048"}],"wp:featuredmedia":[{"embeddable":true,"href":"https:\/\/preussisch-stroehen.de\/web\/wp-json\/wp\/v2\/media\/549"}],"wp:attachment":[{"href":"https:\/\/preussisch-stroehen.de\/web\/wp-json\/wp\/v2\/media?parent=1933"}],"wp:term":[{"taxonomy":"category","embeddable":true,"href":"https:\/\/preussisch-stroehen.de\/web\/wp-json\/wp\/v2\/categories?post=1933"},{"taxonomy":"post_tag","embeddable":true,"href":"https:\/\/preussisch-stroehen.de\/web\/wp-json\/wp\/v2\/tags?post=1933"}],"curies":[{"name":"wp","href":"https:\/\/api.w.org\/{rel}","templated":true}]}}