{"id":20384,"date":"2024-11-10T09:00:24","date_gmt":"2024-11-10T09:00:24","guid":{"rendered":"https:\/\/preussisch-stroehen.de\/web\/?p=20384"},"modified":"2024-11-10T09:00:24","modified_gmt":"2024-11-10T09:00:24","slug":"waldweihnacht-am-speukebusch","status":"publish","type":"post","link":"https:\/\/preussisch-stroehen.de\/web\/2024\/11\/10\/waldweihnacht-am-speukebusch\/","title":{"rendered":"Waldweihnacht am Speukebusch"},"content":{"rendered":"\n<p>Wir freuen uns, die diesj\u00e4hrige <strong>Waldweihnacht<\/strong> anzuk\u00fcndigen, die am 1. Advent (1. Dezember 2024) in einer festlich geschm\u00fcckten Waldkulisse stattfinden wird. Die Veranstaltung bietet ein abwechslungsreiches Programm f\u00fcr die ganze Familie und l\u00e4sst die Vorweihnachtszeit zu einem besonderen Erlebnis werden.<\/p>\n\n\n\n<p><strong>Programmablauf:<\/strong><\/p>\n\n\n\n<ul class=\"wp-block-list\"><li><strong>15:00 Uhr<\/strong> \u2013 Start der Waldweihnacht: Die Weihnachtsmarktst\u00e4nde \u00f6ffnen, und Besucher k\u00f6nnen das gem\u00fctliche Ambiente genie\u00dfen.<\/li><li><strong>16:00 Uhr<\/strong> \u2013 Weihnachtliche Geschichten &amp; Gewinnquiz: F\u00fcr Gro\u00df und Klein gibt es besinnliche Geschichten und ein spannendes Gewinnspiel.<\/li><li><strong>17:30 Uhr<\/strong> \u2013 Adventsgottesdienst im Wald: Der Gottesdienst wird von einem Posaunenchor musikalisch begleitet und l\u00e4dt zur gemeinsamen Andacht ein.<\/li><li><strong>18:00 Uhr<\/strong> \u2013 Der Nikolaus kommt: Freuen Sie sich auf den Besuch des Nikolaus, der kleine \u00dcberraschungen bereith\u00e4lt. Anschlie\u00dfend findet eine Verlosung statt.<\/li><\/ul>\n\n\n\n<p>Zus\u00e4tzlich erwarten die Besucher R\u00e4ucherfisch-Spezialit\u00e4ten wie Aal und Forelle, ein Stockbrotstand des F\u00f6rdervereins, Honigverkauf sowie eine Auswahl an weihnachtlichen Geschenkideen.<\/p>\n\n\n\n<p>Die Waldweihnacht ist die perfekte Gelegenheit, um in adventlicher Stimmung zur Ruhe zu kommen und die Vorfreude auf das Fest mit Familie und Freunden zu teilen. Wir laden alle herzlich ein und freuen uns auf einen zauberhaften Tag im Wald!<\/p>\n\n\n\n<p>Es freut sich die Dorfgemeinschaft Pr. Str\u00f6hen<\/p>\n\n\n\n<p><\/p>\n\n\n\n<p><\/p>\n","protected":false},"excerpt":{"rendered":"<p>Wir freuen uns, die diesj\u00e4hrige Waldweihnacht anzuk\u00fcndigen, die am 1. Advent (1. Dezember 2024) in einer festlich geschm\u00fcckten Waldkulisse stattfinden wird. Die Veranstaltung bietet ein abwechslungsreiches Programm f\u00fcr die ganze Familie und l\u00e4sst die Vorweihnachtszeit zu einem besonderen Erlebnis werden. Programmablauf: 15:00 Uhr \u2013 Start der Waldweihnacht: Die Weihnachtsmarktst\u00e4nde \u00f6ffnen, und Besucher k\u00f6nnen das gem\u00fctliche [&hellip;]<\/p>\n","protected":false},"author":1,"featured_media":20385,"comment_status":"closed","ping_status":"open","sticky":false,"template":"","format":"standard","meta":{"_jetpack_memberships_contains_paid_content":false,"footnotes":""},"categories":[1],"tags":[],"class_list":["post-20384","post","type-post","status-publish","format-standard","has-post-thumbnail","hentry","category-uncategorized","post-preview"],"jetpack_featured_media_url":"https:\/\/preussisch-stroehen.de\/web\/wp-content\/uploads\/2024\/11\/Waldweihnacht24.png","jetpack_sharing_enabled":true,"_links":{"self":[{"href":"https:\/\/preussisch-stroehen.de\/web\/wp-json\/wp\/v2\/posts\/20384","targetHints":{"allow":["GET"]}}],"collection":[{"href":"https:\/\/preussisch-stroehen.de\/web\/wp-json\/wp\/v2\/posts"}],"about":[{"href":"https:\/\/preussisch-stroehen.de\/web\/wp-json\/wp\/v2\/types\/post"}],"author":[{"embeddable":true,"href":"https:\/\/preussisch-stroehen.de\/web\/wp-json\/wp\/v2\/users\/1"}],"replies":[{"embeddable":true,"href":"https:\/\/preussisch-stroehen.de\/web\/wp-json\/wp\/v2\/comments?post=20384"}],"version-history":[{"count":1,"href":"https:\/\/preussisch-stroehen.de\/web\/wp-json\/wp\/v2\/posts\/20384\/revisions"}],"predecessor-version":[{"id":20386,"href":"https:\/\/preussisch-stroehen.de\/web\/wp-json\/wp\/v2\/posts\/20384\/revisions\/20386"}],"wp:featuredmedia":[{"embeddable":true,"href":"https:\/\/preussisch-stroehen.de\/web\/wp-json\/wp\/v2\/media\/20385"}],"wp:attachment":[{"href":"https:\/\/preussisch-stroehen.de\/web\/wp-json\/wp\/v2\/media?parent=20384"}],"wp:term":[{"taxonomy":"category","embeddable":true,"href":"https:\/\/preussisch-stroehen.de\/web\/wp-json\/wp\/v2\/categories?post=20384"},{"taxonomy":"post_tag","embeddable":true,"href":"https:\/\/preussisch-stroehen.de\/web\/wp-json\/wp\/v2\/tags?post=20384"}],"curies":[{"name":"wp","href":"https:\/\/api.w.org\/{rel}","templated":true}]}}