{"id":2246,"date":"2019-11-18T20:08:35","date_gmt":"2019-11-18T20:08:35","guid":{"rendered":"https:\/\/preussisch-stroehen.de\/web\/?p=2246"},"modified":"2019-11-18T20:10:23","modified_gmt":"2019-11-18T20:10:23","slug":"dorfkalender-2020","status":"publish","type":"post","link":"https:\/\/preussisch-stroehen.de\/web\/2019\/11\/18\/dorfkalender-2020\/","title":{"rendered":"Dorfkalender 2020"},"content":{"rendered":"\n<p>Die neuen Pr. Str\u00f6her Dorfkalender wurden \u00fcber den Gemeindebrief verteilt oder liegen aktuell aus (z.B. in den Banken oder im Auemarkt).<\/p>\n\n\n\n<p>Ihr habt auch die M\u00f6glichkeit euch den Kalender auf unseren Seiten herunterzuladen oder bequem als kostenloses Abo auf euer Smartphone zu ziehen. Das alles findet ihr hier unter <a href=\"https:\/\/preussisch-stroehen.de\/web\/preussisch-stroeher-dorfkalender\/\"><strong>Dorfkalender<\/strong><\/a>.<\/p>\n\n\n\n<p><a href=\"https:\/\/preussisch-stroehen.de\/web\/tag\/dorfgemeinschaft\/\">#Dorfgemeinschaft<\/a> <a href=\"https:\/\/preussisch-stroehen.de\/web\/tag\/kalender\/\">#Kalender<\/a> <a href=\"https:\/\/preussisch-stroehen.de\/web\/tag\/veranstaltungen\/\">#Veranstaltungen<\/a><\/p>\n","protected":false},"excerpt":{"rendered":"<p>Die neuen Pr. Str\u00f6her Dorfkalender wurden \u00fcber den Gemeindebrief verteilt oder liegen aktuell aus (z.B. in den Banken oder im Auemarkt). Ihr habt auch die M\u00f6glichkeit euch den Kalender auf unseren Seiten herunterzuladen oder bequem als kostenloses Abo auf euer Smartphone zu ziehen. Das alles findet ihr hier unter Dorfkalender. #Dorfgemeinschaft #Kalender #Veranstaltungen<\/p>\n","protected":false},"author":1,"featured_media":4,"comment_status":"closed","ping_status":"open","sticky":false,"template":"","format":"standard","meta":{"_jetpack_memberships_contains_paid_content":false,"footnotes":""},"categories":[1],"tags":[54,33,4],"class_list":["post-2246","post","type-post","status-publish","format-standard","has-post-thumbnail","hentry","category-uncategorized","tag-dorfgemeinschaft","tag-kalender","tag-veranstaltungen","post-preview"],"jetpack_featured_media_url":"https:\/\/preussisch-stroehen.de\/web\/wp-content\/uploads\/2016\/01\/Logo.png","jetpack_sharing_enabled":true,"_links":{"self":[{"href":"https:\/\/preussisch-stroehen.de\/web\/wp-json\/wp\/v2\/posts\/2246","targetHints":{"allow":["GET"]}}],"collection":[{"href":"https:\/\/preussisch-stroehen.de\/web\/wp-json\/wp\/v2\/posts"}],"about":[{"href":"https:\/\/preussisch-stroehen.de\/web\/wp-json\/wp\/v2\/types\/post"}],"author":[{"embeddable":true,"href":"https:\/\/preussisch-stroehen.de\/web\/wp-json\/wp\/v2\/users\/1"}],"replies":[{"embeddable":true,"href":"https:\/\/preussisch-stroehen.de\/web\/wp-json\/wp\/v2\/comments?post=2246"}],"version-history":[{"count":2,"href":"https:\/\/preussisch-stroehen.de\/web\/wp-json\/wp\/v2\/posts\/2246\/revisions"}],"predecessor-version":[{"id":2248,"href":"https:\/\/preussisch-stroehen.de\/web\/wp-json\/wp\/v2\/posts\/2246\/revisions\/2248"}],"wp:featuredmedia":[{"embeddable":true,"href":"https:\/\/preussisch-stroehen.de\/web\/wp-json\/wp\/v2\/media\/4"}],"wp:attachment":[{"href":"https:\/\/preussisch-stroehen.de\/web\/wp-json\/wp\/v2\/media?parent=2246"}],"wp:term":[{"taxonomy":"category","embeddable":true,"href":"https:\/\/preussisch-stroehen.de\/web\/wp-json\/wp\/v2\/categories?post=2246"},{"taxonomy":"post_tag","embeddable":true,"href":"https:\/\/preussisch-stroehen.de\/web\/wp-json\/wp\/v2\/tags?post=2246"}],"curies":[{"name":"wp","href":"https:\/\/api.w.org\/{rel}","templated":true}]}}