{"id":2458,"date":"2019-12-29T09:10:03","date_gmt":"2019-12-29T09:10:03","guid":{"rendered":"https:\/\/preussisch-stroehen.de\/web\/?p=2458"},"modified":"2019-12-29T09:10:03","modified_gmt":"2019-12-29T09:10:03","slug":"jahreshauptversammlung-schuetzenverein-pr-stroehen-2020","status":"publish","type":"post","link":"https:\/\/preussisch-stroehen.de\/web\/2019\/12\/29\/jahreshauptversammlung-schuetzenverein-pr-stroehen-2020\/","title":{"rendered":"Jahreshauptversammlung Sch\u00fctzenverein Pr. Str\u00f6hen 2020"},"content":{"rendered":"\n<p>Der Sch\u00fctzenverein Pr. Str\u00f6hen f\u00fchrt am Samstag, dem 04. Januar 2020<br>seine Jahreshauptversammlung in der Sch\u00fctzenhalle am Vereinslokal<br>Speukenkieker durch. Beginn ist um 19.30 Uhr.<br>Neben den \u00fcblichen Rechenschaftsberichten und Aussprachen stehen auch die Ehrungen der Vereinsmeister des Jahres 2019 an.<br>Der Vorstand bittet um zahlreiches und p\u00fcnktliches Erscheinen.<\/p>\n\n\n\n<p>Termine f\u00fcr 2020 ab sofort auch unter <strong><a href=\"https:\/\/pr-stroehen.de\/sv\/termine2020.pdf\">pr-stroehen.de\/sv\/termine2020.pdf<\/a><\/strong><\/p>\n\n\n\n<p><\/p>\n\n\n\n<p><a href=\"https:\/\/preussisch-stroehen.de\/web\/tag\/schuetzenverein\/\">#Sch\u00fctzenverein<\/a> <a href=\"https:\/\/preussisch-stroehen.de\/web\/tag\/veranstaltungen\/\">#Veranstaltungen<\/a> <a href=\"https:\/\/preussisch-stroehen.de\/web\/tag\/aktuelles\/\">#Aktuelles<\/a><\/p>\n","protected":false},"excerpt":{"rendered":"<p>Der Sch\u00fctzenverein Pr. Str\u00f6hen f\u00fchrt am Samstag, dem 04. Januar 2020seine Jahreshauptversammlung in der Sch\u00fctzenhalle am VereinslokalSpeukenkieker durch. Beginn ist um 19.30 Uhr.Neben den \u00fcblichen Rechenschaftsberichten und Aussprachen stehen auch die Ehrungen der Vereinsmeister des Jahres 2019 an.Der Vorstand bittet um zahlreiches und p\u00fcnktliches Erscheinen. Termine f\u00fcr 2020 ab sofort auch unter pr-stroehen.de\/sv\/termine2020.pdf #Sch\u00fctzenverein #Veranstaltungen [&hellip;]<\/p>\n","protected":false},"author":1,"featured_media":549,"comment_status":"closed","ping_status":"open","sticky":false,"template":"","format":"standard","meta":{"_jetpack_memberships_contains_paid_content":false,"footnotes":""},"categories":[1],"tags":[5,11,4],"class_list":["post-2458","post","type-post","status-publish","format-standard","has-post-thumbnail","hentry","category-uncategorized","tag-aktuelles","tag-schuetzenverein","tag-veranstaltungen","post-preview"],"jetpack_featured_media_url":"https:\/\/preussisch-stroehen.de\/web\/wp-content\/uploads\/2017\/02\/Schuetzenwappen-e1544030809503.jpg","jetpack_sharing_enabled":true,"_links":{"self":[{"href":"https:\/\/preussisch-stroehen.de\/web\/wp-json\/wp\/v2\/posts\/2458","targetHints":{"allow":["GET"]}}],"collection":[{"href":"https:\/\/preussisch-stroehen.de\/web\/wp-json\/wp\/v2\/posts"}],"about":[{"href":"https:\/\/preussisch-stroehen.de\/web\/wp-json\/wp\/v2\/types\/post"}],"author":[{"embeddable":true,"href":"https:\/\/preussisch-stroehen.de\/web\/wp-json\/wp\/v2\/users\/1"}],"replies":[{"embeddable":true,"href":"https:\/\/preussisch-stroehen.de\/web\/wp-json\/wp\/v2\/comments?post=2458"}],"version-history":[{"count":1,"href":"https:\/\/preussisch-stroehen.de\/web\/wp-json\/wp\/v2\/posts\/2458\/revisions"}],"predecessor-version":[{"id":2459,"href":"https:\/\/preussisch-stroehen.de\/web\/wp-json\/wp\/v2\/posts\/2458\/revisions\/2459"}],"wp:featuredmedia":[{"embeddable":true,"href":"https:\/\/preussisch-stroehen.de\/web\/wp-json\/wp\/v2\/media\/549"}],"wp:attachment":[{"href":"https:\/\/preussisch-stroehen.de\/web\/wp-json\/wp\/v2\/media?parent=2458"}],"wp:term":[{"taxonomy":"category","embeddable":true,"href":"https:\/\/preussisch-stroehen.de\/web\/wp-json\/wp\/v2\/categories?post=2458"},{"taxonomy":"post_tag","embeddable":true,"href":"https:\/\/preussisch-stroehen.de\/web\/wp-json\/wp\/v2\/tags?post=2458"}],"curies":[{"name":"wp","href":"https:\/\/api.w.org\/{rel}","templated":true}]}}