{"id":281,"date":"2009-06-19T15:05:25","date_gmt":"2009-06-19T13:05:25","guid":{"rendered":"http:\/\/preussisch-stroehen.de\/wp\/?p=281"},"modified":"2019-10-13T13:43:26","modified_gmt":"2019-10-13T13:43:26","slug":"schuetzenfest-2009","status":"publish","type":"post","link":"https:\/\/preussisch-stroehen.de\/web\/2009\/06\/19\/schuetzenfest-2009\/","title":{"rendered":"Sch\u00fctzenfest 2009"},"content":{"rendered":"<p>Yippiyeah,<\/p>\n<p>es ist Sch\u00fctzenfest. Seid ihr schon komplett vorbereitet? Wenn nicht haben wir als besonderen Service f\u00fcr euch ein paar Dinge bereitgestellt:<\/p>\n<p>Seht einfach mal in unserem <a href=\"http:\/\/www.preussisch-stroehen.de\/cms\/index.php?com=downloads\">Download<\/a>-Bereich nach. Da gibt es das ultimative Sch\u00fctzenlogo f\u00fcr euer Handy und den Text des Sch\u00fctzenliedes als PDF. Also, ausdrucken, einstecken, mitsingen.<\/p>\n<p>Viel Spa\u00df<\/p>\n<p><a href=\"https:\/\/preussisch-stroehen.de\/web\/tag\/sv\/\">#sv<\/a> <a href=\"https:\/\/preussisch-stroehen.de\/web\/tag\/schuetzenfest\/\">#Sch\u00fctzenfest<\/a> <a href=\"https:\/\/preussisch-stroehen.de\/web\/tag\/schuetzenverein\/\">#Sch\u00fctzenverein<\/a> <a href=\"https:\/\/preussisch-stroehen.de\/web\/tag\/veranstaltungen\/\">#Veranstaltungen<\/a><\/p>\n","protected":false},"excerpt":{"rendered":"<p>Yippiyeah, es ist Sch\u00fctzenfest. Seid ihr schon komplett vorbereitet? Wenn nicht haben wir als besonderen Service f\u00fcr euch ein paar Dinge bereitgestellt: Seht einfach mal in unserem Download-Bereich nach. Da gibt es das ultimative Sch\u00fctzenlogo f\u00fcr euer Handy und den Text des Sch\u00fctzenliedes als PDF. Also, ausdrucken, einstecken, mitsingen. Viel Spa\u00df #sv #Sch\u00fctzenfest #Sch\u00fctzenverein #Veranstaltungen<\/p>\n","protected":false},"author":1,"featured_media":0,"comment_status":"closed","ping_status":"open","sticky":false,"template":"","format":"standard","meta":{"_jetpack_memberships_contains_paid_content":false,"footnotes":""},"categories":[1],"tags":[12,11,62,4],"class_list":["post-281","post","type-post","status-publish","format-standard","hentry","category-uncategorized","tag-schuetzenfest","tag-schuetzenverein","tag-sv","tag-veranstaltungen","post-preview"],"jetpack_featured_media_url":"","jetpack_sharing_enabled":true,"_links":{"self":[{"href":"https:\/\/preussisch-stroehen.de\/web\/wp-json\/wp\/v2\/posts\/281","targetHints":{"allow":["GET"]}}],"collection":[{"href":"https:\/\/preussisch-stroehen.de\/web\/wp-json\/wp\/v2\/posts"}],"about":[{"href":"https:\/\/preussisch-stroehen.de\/web\/wp-json\/wp\/v2\/types\/post"}],"author":[{"embeddable":true,"href":"https:\/\/preussisch-stroehen.de\/web\/wp-json\/wp\/v2\/users\/1"}],"replies":[{"embeddable":true,"href":"https:\/\/preussisch-stroehen.de\/web\/wp-json\/wp\/v2\/comments?post=281"}],"version-history":[{"count":1,"href":"https:\/\/preussisch-stroehen.de\/web\/wp-json\/wp\/v2\/posts\/281\/revisions"}],"predecessor-version":[{"id":282,"href":"https:\/\/preussisch-stroehen.de\/web\/wp-json\/wp\/v2\/posts\/281\/revisions\/282"}],"wp:attachment":[{"href":"https:\/\/preussisch-stroehen.de\/web\/wp-json\/wp\/v2\/media?parent=281"}],"wp:term":[{"taxonomy":"category","embeddable":true,"href":"https:\/\/preussisch-stroehen.de\/web\/wp-json\/wp\/v2\/categories?post=281"},{"taxonomy":"post_tag","embeddable":true,"href":"https:\/\/preussisch-stroehen.de\/web\/wp-json\/wp\/v2\/tags?post=281"}],"curies":[{"name":"wp","href":"https:\/\/api.w.org\/{rel}","templated":true}]}}