{"id":4046,"date":"2020-09-13T12:43:27","date_gmt":"2020-09-13T12:43:27","guid":{"rendered":"https:\/\/preussisch-stroehen.de\/web\/?p=4046"},"modified":"2021-04-18T13:21:40","modified_gmt":"2021-04-18T13:21:40","slug":"infoabend-am-speukebusch","status":"publish","type":"post","link":"https:\/\/preussisch-stroehen.de\/web\/2020\/09\/13\/infoabend-am-speukebusch\/","title":{"rendered":"Infoabend am Speukebusch"},"content":{"rendered":"\n<p>Die Gruppe &#8222;Projekt Speukebusch&#8220; m\u00f6chte euch zu einem Informationsabend am <strong>Freitag, den 18. September 2020<\/strong> einladen.<br>Beginn ist um <strong>19:00 Uhr am Ehrenmal Speukebusch.<\/strong><br>F\u00fcr das leiblich Wohl ist gesorgt.<\/p>\n\n\n\n<p>Die zur Zeit g\u00fcltigen Hygienregeln m\u00fcssen beachetet werden . Bitte denkt an Mund- und Nasenschutz. <br>Es freuen sich auf eure Teilnahme<\/p>\n\n\n\n<p>Werner Sander &#8211; Friedrich Sander &#8211; Hans Junchen<\/p>\n\n\n\n<p><a href=\"https:\/\/preussisch-stroehen.de\/web\/tag\/speukebusch\/\">#Speukebusch<\/a> <a href=\"https:\/\/preussisch-stroehen.de\/web\/tag\/veranstaltungen\/\">#Veranstaltungen<\/a> <a href=\"https:\/\/preussisch-stroehen.de\/web\/tag\/zwillaue\/\">#Zwillaue<\/a> <a href=\"https:\/\/preussisch-stroehen.de\/web\/tag\/ehrenmal\/\">#Ehrenmal<\/a> <a href=\"https:\/\/preussisch-stroehen.de\/web\/tag\/kameradschaft\/\">#kameradschaft<\/a> <a href=\"https:\/\/preussisch-stroehen.de\/web\/tag\/ortsverein\/\">#ortsverein<\/a> <a href=\"https:\/\/preussisch-stroehen.de\/web\/tag\/heimatfreunde\/\">#heimatfreunde<\/a> <a href=\"https:\/\/preussisch-stroehen.de\/web\/tag\/heimatverein\/\">#heimatverein<\/a><\/p>\n","protected":false},"excerpt":{"rendered":"<p>Die Gruppe &#8222;Projekt Speukebusch&#8220; m\u00f6chte euch zu einem Informationsabend am Freitag, den 18. September 2020 einladen.Beginn ist um 19:00 Uhr am Ehrenmal Speukebusch.F\u00fcr das leiblich Wohl ist gesorgt. Die zur Zeit g\u00fcltigen Hygienregeln m\u00fcssen beachetet werden . Bitte denkt an Mund- und Nasenschutz. Es freuen sich auf eure Teilnahme Werner Sander &#8211; Friedrich Sander &#8211; [&hellip;]<\/p>\n","protected":false},"author":1,"featured_media":4047,"comment_status":"closed","ping_status":"open","sticky":false,"template":"","format":"standard","meta":{"_jetpack_memberships_contains_paid_content":false,"footnotes":""},"categories":[1],"tags":[125,8,10,18,19,16,4,17],"class_list":["post-4046","post","type-post","status-publish","format-standard","has-post-thumbnail","hentry","category-uncategorized","tag-ehrenmal","tag-heimatfreunde","tag-heimatverein","tag-kameradschaft","tag-ortsverein","tag-speukebusch","tag-veranstaltungen","tag-zwillaue","post-preview"],"jetpack_featured_media_url":"https:\/\/preussisch-stroehen.de\/web\/wp-content\/uploads\/2020\/09\/infoabend_speukebusch.jpeg","jetpack_sharing_enabled":true,"_links":{"self":[{"href":"https:\/\/preussisch-stroehen.de\/web\/wp-json\/wp\/v2\/posts\/4046","targetHints":{"allow":["GET"]}}],"collection":[{"href":"https:\/\/preussisch-stroehen.de\/web\/wp-json\/wp\/v2\/posts"}],"about":[{"href":"https:\/\/preussisch-stroehen.de\/web\/wp-json\/wp\/v2\/types\/post"}],"author":[{"embeddable":true,"href":"https:\/\/preussisch-stroehen.de\/web\/wp-json\/wp\/v2\/users\/1"}],"replies":[{"embeddable":true,"href":"https:\/\/preussisch-stroehen.de\/web\/wp-json\/wp\/v2\/comments?post=4046"}],"version-history":[{"count":3,"href":"https:\/\/preussisch-stroehen.de\/web\/wp-json\/wp\/v2\/posts\/4046\/revisions"}],"predecessor-version":[{"id":6200,"href":"https:\/\/preussisch-stroehen.de\/web\/wp-json\/wp\/v2\/posts\/4046\/revisions\/6200"}],"wp:featuredmedia":[{"embeddable":true,"href":"https:\/\/preussisch-stroehen.de\/web\/wp-json\/wp\/v2\/media\/4047"}],"wp:attachment":[{"href":"https:\/\/preussisch-stroehen.de\/web\/wp-json\/wp\/v2\/media?parent=4046"}],"wp:term":[{"taxonomy":"category","embeddable":true,"href":"https:\/\/preussisch-stroehen.de\/web\/wp-json\/wp\/v2\/categories?post=4046"},{"taxonomy":"post_tag","embeddable":true,"href":"https:\/\/preussisch-stroehen.de\/web\/wp-json\/wp\/v2\/tags?post=4046"}],"curies":[{"name":"wp","href":"https:\/\/api.w.org\/{rel}","templated":true}]}}