{"id":4300,"date":"2020-11-10T19:31:01","date_gmt":"2020-11-10T19:31:01","guid":{"rendered":"https:\/\/preussisch-stroehen.de\/web\/?p=4300"},"modified":"2021-04-18T13:20:46","modified_gmt":"2021-04-18T13:20:46","slug":"aktueller-stand-umweltbildung-und-dorfprojekt-am-speukebusch","status":"publish","type":"post","link":"https:\/\/preussisch-stroehen.de\/web\/2020\/11\/10\/aktueller-stand-umweltbildung-und-dorfprojekt-am-speukebusch\/","title":{"rendered":"Aktueller Stand: Umweltbildung und Dorfprojekt &#8222;Am Speukebusch&#8220;"},"content":{"rendered":"\n<p>Die Gruppe \u201eProjekt Speukebusch\u201c m\u00f6chte Euch \u00fcber den jetzigen Stand informieren.<\/p>\n\n\n\n<p>Nach langem Warten ist die Ausschreibung des Projektes abgeschlossen. Der Auftrag wurde dem Garten- und Landschaftsbau Maschmann erteilt. <\/p>\n\n\n\n<p>Diese Entscheidung haben wir begr\u00fc\u00dft, da Volker Maschmann uns schon im Vorfeld der Planungen gut beraten hat. <\/p>\n\n\n\n<p>Die weiteren Arbeitsabl\u00e4ufe des Projektes werden wir immer zeitnah mit Volker Maschmann abstimmen. <\/p>\n\n\n\n<p>Corona bedingt wird der n\u00e4chste Arbeitseinsatz erst im Dezember stattfinden. <\/p>\n\n\n\n<p>Allen bisherigen Mithelfern ein herzliches Dankesch\u00f6n! \u00dcber den n\u00e4chsten ehrenamtlichen Einsatz informieren wir Euch zeitnah. <\/p>\n\n\n\n<p>Bis dahin: Bleibt gesund!!!<\/p>\n\n\n\n<p>Mitfreundlichen Gr\u00fc\u00dfen <\/p>\n\n\n\n<p>Euer Team<\/p>\n\n\n\n<p>Werner Sander -FriedrichSander &#8211; Hans Junchen<\/p>\n\n\n\n<p><\/p>\n\n\n\n<p><a href=\"https:\/\/preussisch-stroehen.de\/web\/tag\/speukebusch\/\">#speukebusch<\/a> <a href=\"https:\/\/preussisch-stroehen.de\/web\/tag\/dorfprojekt\/\">#dorfprojekt<\/a>  <a href=\"https:\/\/preussisch-stroehen.de\/web\/tag\/kameradschaft\/\">#kameradschaft<\/a> <a href=\"https:\/\/preussisch-stroehen.de\/web\/tag\/ortsverein\/\">#ortsverein<\/a> <a href=\"https:\/\/preussisch-stroehen.de\/web\/tag\/heimatfreunde\/\">#heimatfreunde<\/a> <a href=\"https:\/\/preussisch-stroehen.de\/web\/tag\/heimatverein\/\">#heimatverein<\/a><\/p>\n","protected":false},"excerpt":{"rendered":"<p>Die Gruppe \u201eProjekt Speukebusch\u201c m\u00f6chte Euch \u00fcber den jetzigen Stand informieren. Nach langem Warten ist die Ausschreibung des Projektes abgeschlossen. Der Auftrag wurde dem Garten- und Landschaftsbau Maschmann erteilt. Diese Entscheidung haben wir begr\u00fc\u00dft, da Volker Maschmann uns schon im Vorfeld der Planungen gut beraten hat. Die weiteren Arbeitsabl\u00e4ufe des Projektes werden wir immer zeitnah [&hellip;]<\/p>\n","protected":false},"author":1,"featured_media":4302,"comment_status":"closed","ping_status":"open","sticky":false,"template":"","format":"standard","meta":{"_jetpack_memberships_contains_paid_content":false,"footnotes":""},"categories":[1],"tags":[126,8,10,18,19,16],"class_list":["post-4300","post","type-post","status-publish","format-standard","has-post-thumbnail","hentry","category-uncategorized","tag-dorfprojekt","tag-heimatfreunde","tag-heimatverein","tag-kameradschaft","tag-ortsverein","tag-speukebusch","post-preview"],"jetpack_featured_media_url":"https:\/\/preussisch-stroehen.de\/web\/wp-content\/uploads\/2020\/11\/dorfprojekt_speukebusch.jpeg","jetpack_sharing_enabled":true,"_links":{"self":[{"href":"https:\/\/preussisch-stroehen.de\/web\/wp-json\/wp\/v2\/posts\/4300","targetHints":{"allow":["GET"]}}],"collection":[{"href":"https:\/\/preussisch-stroehen.de\/web\/wp-json\/wp\/v2\/posts"}],"about":[{"href":"https:\/\/preussisch-stroehen.de\/web\/wp-json\/wp\/v2\/types\/post"}],"author":[{"embeddable":true,"href":"https:\/\/preussisch-stroehen.de\/web\/wp-json\/wp\/v2\/users\/1"}],"replies":[{"embeddable":true,"href":"https:\/\/preussisch-stroehen.de\/web\/wp-json\/wp\/v2\/comments?post=4300"}],"version-history":[{"count":2,"href":"https:\/\/preussisch-stroehen.de\/web\/wp-json\/wp\/v2\/posts\/4300\/revisions"}],"predecessor-version":[{"id":6199,"href":"https:\/\/preussisch-stroehen.de\/web\/wp-json\/wp\/v2\/posts\/4300\/revisions\/6199"}],"wp:featuredmedia":[{"embeddable":true,"href":"https:\/\/preussisch-stroehen.de\/web\/wp-json\/wp\/v2\/media\/4302"}],"wp:attachment":[{"href":"https:\/\/preussisch-stroehen.de\/web\/wp-json\/wp\/v2\/media?parent=4300"}],"wp:term":[{"taxonomy":"category","embeddable":true,"href":"https:\/\/preussisch-stroehen.de\/web\/wp-json\/wp\/v2\/categories?post=4300"},{"taxonomy":"post_tag","embeddable":true,"href":"https:\/\/preussisch-stroehen.de\/web\/wp-json\/wp\/v2\/tags?post=4300"}],"curies":[{"name":"wp","href":"https:\/\/api.w.org\/{rel}","templated":true}]}}