{"id":4433,"date":"2020-12-20T00:01:00","date_gmt":"2020-12-20T00:01:00","guid":{"rendered":"https:\/\/preussisch-stroehen.de\/web\/?p=4433"},"modified":"2020-12-06T17:34:49","modified_gmt":"2020-12-06T17:34:49","slug":"4-advent-preussisch-stroeher-adventskalender-2020","status":"publish","type":"post","link":"https:\/\/preussisch-stroehen.de\/web\/2020\/12\/20\/4-advent-preussisch-stroeher-adventskalender-2020\/","title":{"rendered":"4. Advent &#8211; Preu\u00dfisch Str\u00f6her Adventskalender 2020"},"content":{"rendered":"\n<p>Herzlich Willkommen zum 4. Advent 2020.<\/p>\n\n\n\n<p>Anstatt des lebendigen Adventskalenders gibt es in diesem Jahr einen digitalen Adventskalender an den 4 Adventssonntagen mit einer kleinen Geschichte von einigen B\u00fcrgerinnen und B\u00fcrgern unserer Gemeinde gelesen und dazu einem weihnachtlichen Musikst\u00fcck. Viel Spa\u00df damit.<\/p>\n\n\n\n<figure class=\"wp-block-audio\"><audio controls src=\"https:\/\/preussisch-stroehen.de\/web\/wp-content\/uploads\/2020\/12\/4advent.mp3\"><\/audio><figcaption>Eine Adventsgeschichte von Roland Mettenbrink<\/figcaption><\/figure>\n\n\n\n<figure class=\"wp-block-embed-youtube wp-block-embed is-type-video is-provider-youtube wp-embed-aspect-16-9 wp-has-aspect-ratio\"><div class=\"wp-block-embed__wrapper\">\n<iframe loading=\"lazy\" title=\"Es ist fu\u0308r uns eine Zeit angekommen - Lieblingslieder zu Weihnachten I Die Minimusiker\" width=\"676\" height=\"380\" src=\"https:\/\/www.youtube.com\/embed\/8mxP4s6Ells?feature=oembed\" frameborder=\"0\" allow=\"accelerometer; autoplay; clipboard-write; encrypted-media; gyroscope; picture-in-picture\" allowfullscreen><\/iframe>\n<\/div><\/figure>\n\n\n\n<p><\/p>\n\n\n\n<p><\/p>\n\n\n\n<p>Euch allen eine sch\u00f6ne Weihnachtszeit und bleibt gesund.<\/p>\n\n\n\n<p><\/p>\n\n\n\n<p><a href=\"https:\/\/preussisch-stroehen.de\/web\/tag\/adventskalender\/\">#Adventskalender<\/a> <a href=\"https:\/\/preussisch-stroehen.de\/web\/tag\/weihnachten\/\">#Weihnachten<\/a> <a href=\"https:\/\/preussisch-stroehen.de\/web\/tag\/veranstaltungen\/\">#Veranstaltungen<\/a> <a href=\"https:\/\/preussisch-stroehen.de\/web\/tag\/kirche\/\">#Kirche<\/a> <a href=\"https:\/\/preussisch-stroehen.de\/web\/tag\/kirchengemeinde\/\">#Kirchengemeinde<\/a><\/p>\n","protected":false},"excerpt":{"rendered":"<p>Herzlich Willkommen zum 4. Advent 2020. Anstatt des lebendigen Adventskalenders gibt es in diesem Jahr einen digitalen Adventskalender an den 4 Adventssonntagen mit einer kleinen Geschichte von einigen B\u00fcrgerinnen und B\u00fcrgern unserer Gemeinde gelesen und dazu einem weihnachtlichen Musikst\u00fcck. Viel Spa\u00df damit. Euch allen eine sch\u00f6ne Weihnachtszeit und bleibt gesund. #Adventskalender #Weihnachten #Veranstaltungen #Kirche #Kirchengemeinde<\/p>\n","protected":false},"author":1,"featured_media":4435,"comment_status":"closed","ping_status":"open","sticky":false,"template":"","format":"standard","meta":{"_jetpack_memberships_contains_paid_content":false,"footnotes":""},"categories":[1],"tags":[120,45,41,4,63],"class_list":["post-4433","post","type-post","status-publish","format-standard","has-post-thumbnail","hentry","category-uncategorized","tag-adventskalender","tag-kirche","tag-kirchengemeinde","tag-veranstaltungen","tag-weihnachten","post-preview"],"jetpack_featured_media_url":"https:\/\/preussisch-stroehen.de\/web\/wp-content\/uploads\/2020\/12\/4Advent.jpg","jetpack_sharing_enabled":true,"_links":{"self":[{"href":"https:\/\/preussisch-stroehen.de\/web\/wp-json\/wp\/v2\/posts\/4433","targetHints":{"allow":["GET"]}}],"collection":[{"href":"https:\/\/preussisch-stroehen.de\/web\/wp-json\/wp\/v2\/posts"}],"about":[{"href":"https:\/\/preussisch-stroehen.de\/web\/wp-json\/wp\/v2\/types\/post"}],"author":[{"embeddable":true,"href":"https:\/\/preussisch-stroehen.de\/web\/wp-json\/wp\/v2\/users\/1"}],"replies":[{"embeddable":true,"href":"https:\/\/preussisch-stroehen.de\/web\/wp-json\/wp\/v2\/comments?post=4433"}],"version-history":[{"count":2,"href":"https:\/\/preussisch-stroehen.de\/web\/wp-json\/wp\/v2\/posts\/4433\/revisions"}],"predecessor-version":[{"id":4437,"href":"https:\/\/preussisch-stroehen.de\/web\/wp-json\/wp\/v2\/posts\/4433\/revisions\/4437"}],"wp:featuredmedia":[{"embeddable":true,"href":"https:\/\/preussisch-stroehen.de\/web\/wp-json\/wp\/v2\/media\/4435"}],"wp:attachment":[{"href":"https:\/\/preussisch-stroehen.de\/web\/wp-json\/wp\/v2\/media?parent=4433"}],"wp:term":[{"taxonomy":"category","embeddable":true,"href":"https:\/\/preussisch-stroehen.de\/web\/wp-json\/wp\/v2\/categories?post=4433"},{"taxonomy":"post_tag","embeddable":true,"href":"https:\/\/preussisch-stroehen.de\/web\/wp-json\/wp\/v2\/tags?post=4433"}],"curies":[{"name":"wp","href":"https:\/\/api.w.org\/{rel}","templated":true}]}}