{"id":4540,"date":"2020-12-24T14:00:00","date_gmt":"2020-12-24T14:00:00","guid":{"rendered":"https:\/\/preussisch-stroehen.de\/web\/?p=4540"},"modified":"2020-12-24T14:14:56","modified_gmt":"2020-12-24T14:14:56","slug":"weihnachten-2020","status":"publish","type":"post","link":"https:\/\/preussisch-stroehen.de\/web\/2020\/12\/24\/weihnachten-2020\/","title":{"rendered":"Weihnachten 2020"},"content":{"rendered":"\n<p>Liebe Preu\u00dfisch Str\u00f6her Gemeindemitglieder,<\/p>\n\n\n\n<p>in diesem besonderen Jahr 2020 wird der Heiligabendgottesdienst erstmals und ausschlie\u00dflich digital stattfinden. Allen ein sch\u00f6nes und fr\u00f6hliches Weihnachtsfest.<\/p>\n\n\n\n<figure class=\"wp-block-embed is-type-video is-provider-youtube wp-block-embed-youtube wp-embed-aspect-4-3 wp-has-aspect-ratio\"><div class=\"wp-block-embed__wrapper\">\n<iframe loading=\"lazy\" title=\"Heiligabend 2020 Kirchengemeinde Preu\u00dfisch Str\u00f6hen - Rahden\" width=\"676\" height=\"507\" src=\"https:\/\/www.youtube.com\/embed\/aDOMZvGCFOk?feature=oembed\" frameborder=\"0\" allow=\"accelerometer; autoplay; clipboard-write; encrypted-media; gyroscope; picture-in-picture\" allowfullscreen><\/iframe>\n<\/div><figcaption>Online-Gottesdienst zum Heiligabend 2020 mit Pastor Dr. Roland Mettenbrink, dem Armani-Gospelchor und Jan-Erik Titgemeier<\/figcaption><\/figure>\n\n\n\n<p><\/p>\n\n\n\n<figure class=\"wp-block-embed is-type-video is-provider-youtube wp-block-embed-youtube wp-embed-aspect-4-3 wp-has-aspect-ratio\"><div class=\"wp-block-embed__wrapper\">\n<iframe loading=\"lazy\" title=\"Weihnachtsgeschichte f\u00fcr Kindergartenkinder\" width=\"676\" height=\"507\" src=\"https:\/\/www.youtube.com\/embed\/0988xL42ht0?feature=oembed\" frameborder=\"0\" allow=\"accelerometer; autoplay; clipboard-write; encrypted-media; gyroscope; picture-in-picture\" allowfullscreen><\/iframe>\n<\/div><figcaption>Pastor Dr. Roland Mettenbrink liest die Weihnachtsgeschichte f\u00fcr Kindergartenkinder.<br><br><\/figcaption><\/figure>\n\n\n\n<p>Bleibt gesund!<\/p>\n\n\n\n<p><\/p>\n\n\n\n<p><a href=\"https:\/\/preussisch-stroehen.de\/web\/tag\/weihnachten\/\">#Weihnachten<\/a> <a href=\"https:\/\/preussisch-stroehen.de\/web\/tag\/kirche\/\">#Kirche<\/a> <a href=\"https:\/\/preussisch-stroehen.de\/web\/tag\/kirchengemeinde\/\">#Kirchengemeinde<\/a><\/p>\n","protected":false},"excerpt":{"rendered":"<p>Liebe Preu\u00dfisch Str\u00f6her Gemeindemitglieder, in diesem besonderen Jahr 2020 wird der Heiligabendgottesdienst erstmals und ausschlie\u00dflich digital stattfinden. Allen ein sch\u00f6nes und fr\u00f6hliches Weihnachtsfest. Bleibt gesund! #Weihnachten #Kirche #Kirchengemeinde<\/p>\n","protected":false},"author":1,"featured_media":4542,"comment_status":"closed","ping_status":"open","sticky":false,"template":"","format":"standard","meta":{"_jetpack_memberships_contains_paid_content":false,"footnotes":""},"categories":[1],"tags":[45,41,63],"class_list":["post-4540","post","type-post","status-publish","format-standard","has-post-thumbnail","hentry","category-uncategorized","tag-kirche","tag-kirchengemeinde","tag-weihnachten","post-preview"],"jetpack_featured_media_url":"https:\/\/preussisch-stroehen.de\/web\/wp-content\/uploads\/2020\/12\/Weihnachten2020.jpg","jetpack_sharing_enabled":true,"_links":{"self":[{"href":"https:\/\/preussisch-stroehen.de\/web\/wp-json\/wp\/v2\/posts\/4540","targetHints":{"allow":["GET"]}}],"collection":[{"href":"https:\/\/preussisch-stroehen.de\/web\/wp-json\/wp\/v2\/posts"}],"about":[{"href":"https:\/\/preussisch-stroehen.de\/web\/wp-json\/wp\/v2\/types\/post"}],"author":[{"embeddable":true,"href":"https:\/\/preussisch-stroehen.de\/web\/wp-json\/wp\/v2\/users\/1"}],"replies":[{"embeddable":true,"href":"https:\/\/preussisch-stroehen.de\/web\/wp-json\/wp\/v2\/comments?post=4540"}],"version-history":[{"count":4,"href":"https:\/\/preussisch-stroehen.de\/web\/wp-json\/wp\/v2\/posts\/4540\/revisions"}],"predecessor-version":[{"id":4550,"href":"https:\/\/preussisch-stroehen.de\/web\/wp-json\/wp\/v2\/posts\/4540\/revisions\/4550"}],"wp:featuredmedia":[{"embeddable":true,"href":"https:\/\/preussisch-stroehen.de\/web\/wp-json\/wp\/v2\/media\/4542"}],"wp:attachment":[{"href":"https:\/\/preussisch-stroehen.de\/web\/wp-json\/wp\/v2\/media?parent=4540"}],"wp:term":[{"taxonomy":"category","embeddable":true,"href":"https:\/\/preussisch-stroehen.de\/web\/wp-json\/wp\/v2\/categories?post=4540"},{"taxonomy":"post_tag","embeddable":true,"href":"https:\/\/preussisch-stroehen.de\/web\/wp-json\/wp\/v2\/tags?post=4540"}],"curies":[{"name":"wp","href":"https:\/\/api.w.org\/{rel}","templated":true}]}}