{"id":455,"date":"2010-03-17T08:17:19","date_gmt":"2010-03-17T07:17:19","guid":{"rendered":"http:\/\/preussisch-stroehen.de\/wp\/?p=455"},"modified":"2019-10-13T13:43:26","modified_gmt":"2019-10-13T13:43:26","slug":"auswertung-der-winterumfrage-2010","status":"publish","type":"post","link":"https:\/\/preussisch-stroehen.de\/web\/2010\/03\/17\/auswertung-der-winterumfrage-2010\/","title":{"rendered":"Auswertung der Winterumfrage 2010"},"content":{"rendered":"<p>Jetzt isses soweit. Der sch\u00f6nste, hei\u00dfeste und geilste Fr\u00fchling des Jahrzentes steht vor der T\u00fcr. Passich dazu haben sich unsere Lieblingsbauarbeiter ans Werk gemacht. Mit viel Kraft und Schwei\u00df k\u00e4mpfen sie, um eure intimsten Radwegw\u00fcnsche zu erf\u00fcllen. Wie die aussehen, haben wir ja bereits in unserer letzten Umfrage abgestimmt. Hier die Ergebnisse zu: <strong>Was wird f\u00fcr euch das sch\u00f6nste am neuen Radweg?<\/strong><br \/>\nNur 5,6 % der Mitvoter befinden die reizvolle, malerische Landschaft als das Highlight unserer j\u00fcngsten Infrastruktur-Errungeschaft. Bei soviel sch\u00f6ner Landschaft rundumzu f\u00fcr die meisten wohl selbstverst\u00e4ndlich.<\/p>\n<p>10,2 % von euch freuen sich darauf, dass dieser Radweg als einziger NICHT in Niedersachsen endet. Ein sch\u00f6ner Gedanke, jedoch auch nicht der Favorit.<\/p>\n<p>11,2 % freuen sich \u00fcber die historischen Gedanken dieses Zukunfts-Monuments. Irgendwie wurde in der Grundschulzeit eines jeden schon \u00fcber &#8222;den einen&#8220; Radweg philosophiert. Selbst zu den harten Zeiten des alten Kantors. Ouhhh&#8230;&#8230;&#8230;. Das waren Zeiten. Fragt es euch nach. Es stimmt. \ud83d\ude09<\/p>\n<p>Das wichtigste ist aber nat\u00fcrlich der Gedanke, dass dieser Radweg, der soviele Dinge an den zentralen Ortskern zusammenf\u00fchrt alles sicherer macht. Boseln, Kilmerstuten und nat\u00fcrlich Radfahren. Vielen Dank daf\u00fcr, dass 73 % von euch diese Erkenntis hatten.<\/p>\n<p>Die neue Umfrage zu eurem Lieblings-Online-Seelen-Striptease ist schon gestartet. Bitte votet mit.<\/p>\n<p>&nbsp;<\/p>\n<p><a href=\"https:\/\/preussisch-stroehen.de\/web\/tag\/umfrage\/\">#Umfrage<\/a><\/p>\n","protected":false},"excerpt":{"rendered":"<p>Jetzt isses soweit. Der sch\u00f6nste, hei\u00dfeste und geilste Fr\u00fchling des Jahrzentes steht vor der T\u00fcr. Passich dazu haben sich unsere Lieblingsbauarbeiter ans Werk gemacht. Mit viel Kraft und Schwei\u00df k\u00e4mpfen sie, um eure intimsten Radwegw\u00fcnsche zu erf\u00fcllen. Wie die aussehen, haben wir ja bereits in unserer letzten Umfrage abgestimmt. Hier die Ergebnisse zu: Was wird [&hellip;]<\/p>\n","protected":false},"author":1,"featured_media":0,"comment_status":"closed","ping_status":"open","sticky":false,"template":"","format":"standard","meta":{"_jetpack_memberships_contains_paid_content":false,"footnotes":""},"categories":[1],"tags":[85],"class_list":["post-455","post","type-post","status-publish","format-standard","hentry","category-uncategorized","tag-umfrage","post-preview"],"jetpack_featured_media_url":"","jetpack_sharing_enabled":true,"_links":{"self":[{"href":"https:\/\/preussisch-stroehen.de\/web\/wp-json\/wp\/v2\/posts\/455","targetHints":{"allow":["GET"]}}],"collection":[{"href":"https:\/\/preussisch-stroehen.de\/web\/wp-json\/wp\/v2\/posts"}],"about":[{"href":"https:\/\/preussisch-stroehen.de\/web\/wp-json\/wp\/v2\/types\/post"}],"author":[{"embeddable":true,"href":"https:\/\/preussisch-stroehen.de\/web\/wp-json\/wp\/v2\/users\/1"}],"replies":[{"embeddable":true,"href":"https:\/\/preussisch-stroehen.de\/web\/wp-json\/wp\/v2\/comments?post=455"}],"version-history":[{"count":1,"href":"https:\/\/preussisch-stroehen.de\/web\/wp-json\/wp\/v2\/posts\/455\/revisions"}],"predecessor-version":[{"id":456,"href":"https:\/\/preussisch-stroehen.de\/web\/wp-json\/wp\/v2\/posts\/455\/revisions\/456"}],"wp:attachment":[{"href":"https:\/\/preussisch-stroehen.de\/web\/wp-json\/wp\/v2\/media?parent=455"}],"wp:term":[{"taxonomy":"category","embeddable":true,"href":"https:\/\/preussisch-stroehen.de\/web\/wp-json\/wp\/v2\/categories?post=455"},{"taxonomy":"post_tag","embeddable":true,"href":"https:\/\/preussisch-stroehen.de\/web\/wp-json\/wp\/v2\/tags?post=455"}],"curies":[{"name":"wp","href":"https:\/\/api.w.org\/{rel}","templated":true}]}}