{"id":465,"date":"2014-06-20T08:22:18","date_gmt":"2014-06-20T06:22:18","guid":{"rendered":"http:\/\/preussisch-stroehen.de\/wp\/?p=465"},"modified":"2019-10-13T13:41:39","modified_gmt":"2019-10-13T13:41:39","slug":"jubilaeumsschuetzenfest","status":"publish","type":"post","link":"https:\/\/preussisch-stroehen.de\/web\/2014\/06\/20\/jubilaeumsschuetzenfest\/","title":{"rendered":"Jubil\u00e4umssch\u00fctzenfest"},"content":{"rendered":"<p>Auch wenn es noch ein paar Tage entfernt ist: Wie soll unser Jubil\u00e4umssch\u00fctzenfest 2014 ablaufen?<\/p>\n<p>K\u00f6nigsschiessen und Jubil\u00e4umsakt sollten am Sonntag stattfinden (4.6%)<br \/>\n<img decoding=\"async\" src=\"http:\/\/www.preussisch-stroehen.de\/cms\/images\/voting.jpg\"><\/p>\n<p>Um m\u00f6glichst viel von unseren Jubil\u00e4umsg\u00e4sten zu haben, sollte diese am Samstag kommen. (8.1%)<br \/>\n<img decoding=\"async\" src=\"http:\/\/www.preussisch-stroehen.de\/cms\/images\/voting.jpg\"><\/p>\n<p>Der Jubil\u00e4umsakt soll gleich am Freitag stattfinden &#8211; Samstag und Sonntag bleiben wie sie waren! (21.2%)<br \/>\n<img decoding=\"async\" src=\"http:\/\/www.preussisch-stroehen.de\/cms\/images\/voting.jpg\"><\/p>\n<p>Volle Kanne: Wir nutzen den Donnerstag (Feiertag!) und feiern vier Tage Sch\u00fctzenfest! (60.4%)<br \/>\n<img decoding=\"async\" src=\"http:\/\/www.preussisch-stroehen.de\/cms\/images\/voting.jpg\"><\/p>\n<p>ganz anders: Donnerstag werden Alt- und Jungk\u00f6nig abgeholt, Freitag wird pausiert, Samstag Jubil\u00e4um feiern, Sonntag K\u00f6nigsschiessen (5.7%)<br \/>\n<img decoding=\"async\" src=\"http:\/\/www.preussisch-stroehen.de\/cms\/images\/voting.jpg\"><\/p>\n<p>Insgesamt 725 Stimmen<\/p>\n<p>&nbsp;<\/p>\n<p><a href=\"https:\/\/preussisch-stroehen.de\/web\/tag\/umfrage\/\">#Umfrage<\/a> <a href=\"https:\/\/preussisch-stroehen.de\/web\/tag\/schuetzenverein\/\">#Sch\u00fctzenverein<\/a> <a href=\"https:\/\/preussisch-stroehen.de\/web\/tag\/schuetzenfest\/\">#Sch\u00fctzenfest<\/a> <a href=\"https:\/\/preussisch-stroehen.de\/web\/tag\/jubilaeum\/\">#Jubil\u00e4um<\/a><\/p>\n<p>&nbsp;<\/p>\n","protected":false},"excerpt":{"rendered":"<p>Auch wenn es noch ein paar Tage entfernt ist: Wie soll unser Jubil\u00e4umssch\u00fctzenfest 2014 ablaufen? K\u00f6nigsschiessen und Jubil\u00e4umsakt sollten am Sonntag stattfinden (4.6%) Um m\u00f6glichst viel von unseren Jubil\u00e4umsg\u00e4sten zu haben, sollte diese am Samstag kommen. (8.1%) Der Jubil\u00e4umsakt soll gleich am Freitag stattfinden &#8211; Samstag und Sonntag bleiben wie sie waren! (21.2%) Volle Kanne: [&hellip;]<\/p>\n","protected":false},"author":1,"featured_media":0,"comment_status":"closed","ping_status":"open","sticky":false,"template":"","format":"standard","meta":{"_jetpack_memberships_contains_paid_content":false,"footnotes":""},"categories":[1],"tags":[89,12,11,85],"class_list":["post-465","post","type-post","status-publish","format-standard","hentry","category-uncategorized","tag-jubilaeum","tag-schuetzenfest","tag-schuetzenverein","tag-umfrage","post-preview"],"jetpack_featured_media_url":"","jetpack_sharing_enabled":true,"_links":{"self":[{"href":"https:\/\/preussisch-stroehen.de\/web\/wp-json\/wp\/v2\/posts\/465","targetHints":{"allow":["GET"]}}],"collection":[{"href":"https:\/\/preussisch-stroehen.de\/web\/wp-json\/wp\/v2\/posts"}],"about":[{"href":"https:\/\/preussisch-stroehen.de\/web\/wp-json\/wp\/v2\/types\/post"}],"author":[{"embeddable":true,"href":"https:\/\/preussisch-stroehen.de\/web\/wp-json\/wp\/v2\/users\/1"}],"replies":[{"embeddable":true,"href":"https:\/\/preussisch-stroehen.de\/web\/wp-json\/wp\/v2\/comments?post=465"}],"version-history":[{"count":1,"href":"https:\/\/preussisch-stroehen.de\/web\/wp-json\/wp\/v2\/posts\/465\/revisions"}],"predecessor-version":[{"id":466,"href":"https:\/\/preussisch-stroehen.de\/web\/wp-json\/wp\/v2\/posts\/465\/revisions\/466"}],"wp:attachment":[{"href":"https:\/\/preussisch-stroehen.de\/web\/wp-json\/wp\/v2\/media?parent=465"}],"wp:term":[{"taxonomy":"category","embeddable":true,"href":"https:\/\/preussisch-stroehen.de\/web\/wp-json\/wp\/v2\/categories?post=465"},{"taxonomy":"post_tag","embeddable":true,"href":"https:\/\/preussisch-stroehen.de\/web\/wp-json\/wp\/v2\/tags?post=465"}],"curies":[{"name":"wp","href":"https:\/\/api.w.org\/{rel}","templated":true}]}}