{"id":805,"date":"2017-07-12T13:39:02","date_gmt":"2017-07-12T11:39:02","guid":{"rendered":"http:\/\/preussisch-stroehen.de\/wp\/2017\/07\/12\/landart-festival-am-nrw-nordpunkt\/"},"modified":"2019-10-13T13:40:24","modified_gmt":"2019-10-13T13:40:24","slug":"landart-festival-am-nrw-nordpunkt","status":"publish","type":"post","link":"https:\/\/preussisch-stroehen.de\/web\/2017\/07\/12\/landart-festival-am-nrw-nordpunkt\/","title":{"rendered":"LandArt Festival am NRW-Nordpunkt\u00a0"},"content":{"rendered":"<p>Am Sonntag, den 06. August wird in Pr. Str\u00f6hen eine Veranstaltung des <a href=\"http:\/\/www.landart-muehlenkreis.de\">LandArt Festivals<\/a> stattfinden. In Zusammenarbeit von Kul-T\u00fcr und den Pr. Str\u00f6her Heimatfreunden wird <a href=\"https:\/\/lesebuehneminden.jimdo.com\/autorinnenseiten\/renate-folkers\/\">Renate Folkers <\/a>um 18 Uhr eine Lesung am NRW-Nordpunkt halten. Musikalisch begleitet wird sie dabei von Gerd Langwald. Das Festival steht unter dem Motto &#8222;Wind befl\u00fcgelt&#8220; zu dem Folkerts (bei gutem Wetter) vor der Kulisse der Windharfen passende Geschichten verlesen wird.&nbsp;<\/p>\n<p>Alle Interessierten sind herzlich eingeladen. Karten gibt es im Vorverkauf bei <a href=\"http:\/\/www.kul-tuer.de\/\">Kul-T\u00fcr<\/a>, in den Rahdener Apotheken, in der Gesch\u00e4ftsstelle <a href=\"http:\/\/diekiepe.de\/\">der Kiepe<\/a> oder bei unserem Ortsheimatpfleger Friedrich Sander.&nbsp;<\/p>\n<p>&nbsp;<br \/>\n<a href=\"https:\/\/preussisch-stroehen.de\/web\/tag\/news\/\">#News<\/a> <a href=\"https:\/\/preussisch-stroehen.de\/web\/tag\/veranstaltungen\/\">#Veranstaltungen<\/a> <a href=\"https:\/\/preussisch-stroehen.de\/web\/tag\/nordpunkt\/\">#Nordpunkt<\/a> <a href=\"https:\/\/preussisch-stroehen.de\/web\/tag\/nrwnordpunkt\/\">#NRWNordpunkt<\/a> <a href=\"https:\/\/preussisch-stroehen.de\/web\/tag\/heimatfreunde\/\">#Heimatfreunde<\/a> <a href=\"https:\/\/preussisch-stroehen.de\/web\/tag\/heimatverein\/\">#Heimatverein<\/a><\/p>\n","protected":false},"excerpt":{"rendered":"<p>Am Sonntag, den 06. August wird in Pr. Str\u00f6hen eine Veranstaltung des LandArt Festivals stattfinden. In Zusammenarbeit von Kul-T\u00fcr und den Pr. Str\u00f6her Heimatfreunden wird Renate Folkers um 18 Uhr eine Lesung am NRW-Nordpunkt halten. Musikalisch begleitet wird sie dabei von Gerd Langwald. Das Festival steht unter dem Motto &#8222;Wind befl\u00fcgelt&#8220; zu dem Folkerts (bei [&hellip;]<\/p>\n","protected":false},"author":1,"featured_media":808,"comment_status":"closed","ping_status":"open","sticky":false,"template":"","format":"standard","meta":{"_jetpack_memberships_contains_paid_content":false,"footnotes":""},"categories":[1],"tags":[8,10,3,7,9,4],"class_list":["post-805","post","type-post","status-publish","format-standard","has-post-thumbnail","hentry","category-uncategorized","tag-heimatfreunde","tag-heimatverein","tag-news","tag-nordpunkt","tag-nrwnordpunkt","tag-veranstaltungen","post-preview"],"jetpack_featured_media_url":"https:\/\/preussisch-stroehen.de\/web\/wp-content\/uploads\/2017\/07\/landart2017.jpg","jetpack_sharing_enabled":true,"_links":{"self":[{"href":"https:\/\/preussisch-stroehen.de\/web\/wp-json\/wp\/v2\/posts\/805","targetHints":{"allow":["GET"]}}],"collection":[{"href":"https:\/\/preussisch-stroehen.de\/web\/wp-json\/wp\/v2\/posts"}],"about":[{"href":"https:\/\/preussisch-stroehen.de\/web\/wp-json\/wp\/v2\/types\/post"}],"author":[{"embeddable":true,"href":"https:\/\/preussisch-stroehen.de\/web\/wp-json\/wp\/v2\/users\/1"}],"replies":[{"embeddable":true,"href":"https:\/\/preussisch-stroehen.de\/web\/wp-json\/wp\/v2\/comments?post=805"}],"version-history":[{"count":3,"href":"https:\/\/preussisch-stroehen.de\/web\/wp-json\/wp\/v2\/posts\/805\/revisions"}],"predecessor-version":[{"id":811,"href":"https:\/\/preussisch-stroehen.de\/web\/wp-json\/wp\/v2\/posts\/805\/revisions\/811"}],"wp:featuredmedia":[{"embeddable":true,"href":"https:\/\/preussisch-stroehen.de\/web\/wp-json\/wp\/v2\/media\/808"}],"wp:attachment":[{"href":"https:\/\/preussisch-stroehen.de\/web\/wp-json\/wp\/v2\/media?parent=805"}],"wp:term":[{"taxonomy":"category","embeddable":true,"href":"https:\/\/preussisch-stroehen.de\/web\/wp-json\/wp\/v2\/categories?post=805"},{"taxonomy":"post_tag","embeddable":true,"href":"https:\/\/preussisch-stroehen.de\/web\/wp-json\/wp\/v2\/tags?post=805"}],"curies":[{"name":"wp","href":"https:\/\/api.w.org\/{rel}","templated":true}]}}