{"id":825,"date":"2017-08-31T15:17:49","date_gmt":"2017-08-31T13:17:49","guid":{"rendered":"http:\/\/preussisch-stroehen.de\/wp\/?p=825"},"modified":"2019-10-13T13:40:24","modified_gmt":"2019-10-13T13:40:24","slug":"festumzug-der-kirchengemeinde-wird-sichtbar","status":"publish","type":"post","link":"https:\/\/preussisch-stroehen.de\/web\/2017\/08\/31\/festumzug-der-kirchengemeinde-wird-sichtbar\/","title":{"rendered":"Festumzug der Kirchengemeinde wird sichtbar"},"content":{"rendered":"<p>Die Vorbereitungen f\u00fcr den <a href=\"https:\/\/preussisch-stroehen.de\/web\/tag\/festumzug\/\">#Festumzug<\/a> anl\u00e4sslich des 160. Kirchenjubli\u00e4ums laufen auf Hochtouren. Jetz wurden an den Ortseing\u00e4ngen gut sichtbar Plakate aufgestellt, um auf die Veranstaltung aufmerksam zu machen. Mittlerweile sind 16 Teams aus unterschiedlichsten Gruppen und Vereinen angemeldet, die die vielf\u00e4ltige Zusammensetzung der Dorfgemeinschaft darstellen.<\/p>\n<p>Der Ablauf f\u00fcr alle G\u00e4ste ist wie folgt geplant:<\/p>\n<p><!--more--><\/p>\n<ul>\n<li>10:00 Uhr: Festgottesdienst in der Kirche mit Pr\u00e4ses Annette Kurschuss<\/li>\n<li>12:30 Uhr: Festumzug ab Seniorenheim G\u00e4rtner<\/li>\n<li>14:00 Uhr:&nbsp; Ankunft Festumzug Reithalle<\/li>\n<li>15:00 Uhr: B\u00fcnenprogramm in der Reithalle\n<ul>\n<li>Es erwartet euch:<\/li>\n<li>Aussteller in der Reithalle<\/li>\n<li>Spiel und Spa\u00df f\u00fcr Kinder<\/li>\n<li>Ein tolles B\u00fchnenprogramm<\/li>\n<li>H\u00fcpfburg<\/li>\n<li>Spa\u00df- und Spielmobil<\/li>\n<li>mobile Obstsaftpresse<\/li>\n<li>und vieles, vieles mehr&#8230;<\/li>\n<\/ul>\n<\/li>\n<\/ul>\n<p>Bei Fragen zum weiteren Ablauf m\u00f6gen sich alle Interessierten bitte bei Sven Borcherding melden (05776\/961177). Es k\u00f6nnen sich auch noch Teams zus\u00e4tzlich einreihen. Bitte dazu auch Kontakt zu Sven Borcherding aufnehmen.<\/p>\n<p>Weitere Infos zur Veranstaltung findet ihr auch auf unseren vorherigen Beitr\u00e4gen unter <a href=\"https:\/\/preussisch-stroehen.de\/web\/tag\/festumzug\/\">#Festumzug<\/a><\/p>\n<p>&nbsp;<\/p>\n<p><a href=\"http:\/\/preussisch-stroehen.de\/wp\/tag\/kirche\/\"><a href=\"https:\/\/preussisch-stroehen.de\/web\/tag\/kirche\/\">#Kirche<\/a><\/a> <a href=\"http:\/\/preussisch-stroehen.de\/wp\/tag\/kirchengemeinde\/\"><a href=\"https:\/\/preussisch-stroehen.de\/web\/tag\/kirchengemeinde\/\">#Kirchengemeinde<\/a><\/a> <a href=\"http:\/\/preussisch-stroehen.de\/wp\/tag\/news\/\"><a href=\"https:\/\/preussisch-stroehen.de\/web\/tag\/news\/\">#News<\/a><\/a> <a href=\"http:\/\/preussisch-stroehen.de\/wp\/tag\/veranstaltungen\/\"><a href=\"https:\/\/preussisch-stroehen.de\/web\/tag\/veranstaltungen\/\">#Veranstaltungen<\/a><\/a><\/p>\n","protected":false},"excerpt":{"rendered":"<p>Die Vorbereitungen f\u00fcr den #Festumzug anl\u00e4sslich des 160. Kirchenjubli\u00e4ums laufen auf Hochtouren. Jetz wurden an den Ortseing\u00e4ngen gut sichtbar Plakate aufgestellt, um auf die Veranstaltung aufmerksam zu machen. Mittlerweile sind 16 Teams aus unterschiedlichsten Gruppen und Vereinen angemeldet, die die vielf\u00e4ltige Zusammensetzung der Dorfgemeinschaft darstellen. Der Ablauf f\u00fcr alle G\u00e4ste ist wie folgt geplant:<\/p>\n","protected":false},"author":1,"featured_media":826,"comment_status":"closed","ping_status":"open","sticky":false,"template":"","format":"standard","meta":{"_jetpack_memberships_contains_paid_content":false,"footnotes":""},"categories":[1],"tags":[67,45,41,3,4],"class_list":["post-825","post","type-post","status-publish","format-standard","has-post-thumbnail","hentry","category-uncategorized","tag-festumzug","tag-kirche","tag-kirchengemeinde","tag-news","tag-veranstaltungen","post-preview"],"jetpack_featured_media_url":"https:\/\/preussisch-stroehen.de\/web\/wp-content\/uploads\/2017\/08\/Kirchenjubi_Ortseingang.jpg","jetpack_sharing_enabled":true,"_links":{"self":[{"href":"https:\/\/preussisch-stroehen.de\/web\/wp-json\/wp\/v2\/posts\/825","targetHints":{"allow":["GET"]}}],"collection":[{"href":"https:\/\/preussisch-stroehen.de\/web\/wp-json\/wp\/v2\/posts"}],"about":[{"href":"https:\/\/preussisch-stroehen.de\/web\/wp-json\/wp\/v2\/types\/post"}],"author":[{"embeddable":true,"href":"https:\/\/preussisch-stroehen.de\/web\/wp-json\/wp\/v2\/users\/1"}],"replies":[{"embeddable":true,"href":"https:\/\/preussisch-stroehen.de\/web\/wp-json\/wp\/v2\/comments?post=825"}],"version-history":[{"count":3,"href":"https:\/\/preussisch-stroehen.de\/web\/wp-json\/wp\/v2\/posts\/825\/revisions"}],"predecessor-version":[{"id":829,"href":"https:\/\/preussisch-stroehen.de\/web\/wp-json\/wp\/v2\/posts\/825\/revisions\/829"}],"wp:featuredmedia":[{"embeddable":true,"href":"https:\/\/preussisch-stroehen.de\/web\/wp-json\/wp\/v2\/media\/826"}],"wp:attachment":[{"href":"https:\/\/preussisch-stroehen.de\/web\/wp-json\/wp\/v2\/media?parent=825"}],"wp:term":[{"taxonomy":"category","embeddable":true,"href":"https:\/\/preussisch-stroehen.de\/web\/wp-json\/wp\/v2\/categories?post=825"},{"taxonomy":"post_tag","embeddable":true,"href":"https:\/\/preussisch-stroehen.de\/web\/wp-json\/wp\/v2\/tags?post=825"}],"curies":[{"name":"wp","href":"https:\/\/api.w.org\/{rel}","templated":true}]}}