{"id":8416,"date":"2022-01-26T19:53:58","date_gmt":"2022-01-26T19:53:58","guid":{"rendered":"https:\/\/preussisch-stroehen.de\/web\/?p=8416"},"modified":"2022-01-26T19:53:58","modified_gmt":"2022-01-26T19:53:58","slug":"mehrtagesausflug-zur-mecklenburgischen-seenplatte","status":"publish","type":"post","link":"https:\/\/preussisch-stroehen.de\/web\/2022\/01\/26\/mehrtagesausflug-zur-mecklenburgischen-seenplatte\/","title":{"rendered":"Mehrtagesausflug zur Mecklenburgischen Seenplatte"},"content":{"rendered":"\n<p class=\"has-larger-font-size\">Landwirtschaftlicher Ortsverein | Kameradschaft ehemaliger Soldaten | Landfrauen Pr. Str\u00f6hen<\/p>\n\n\n\n<p class=\"has-text-color\" style=\"color:#ff0004\">Wir starten einen zweiten Versuch!!!<\/p>\n\n\n\n<p class=\"has-larger-font-size\"><strong>Donnerstag 02.06.- Sonntag 05.06.2022<\/strong><\/p>\n\n\n\n<p>Der Ausflug wird von der Firma Thieker-Reisen organisiert und beinhaltet folgende Leistungen:<\/p>\n\n\n\n<ul class=\"wp-block-list\"><li>Fahrt im modernen Reisebus<\/li><\/ul>\n\n\n\n<p><strong>Donnerstag 02.06.2022 &#8212; Anreise Redefin<\/strong><\/p>\n\n\n\n<ul class=\"wp-block-list\"><li>7:00 Uhr Abfahrt Buschendorf&#8217;s Gasthaus Pr. Str\u00f6hen<br>Fr\u00fchst\u00fcckpause am Bus<\/li><li>12:00-13:30 Uhr (ca.) F\u00fchrung auf dem Landesgest\u00fct Redefin. <br>Weiterfahrt bis zum Sporthotel in Malchow<\/li><li>16:00 Uhr (ca.) Ankunft<\/li><\/ul>\n\n\n\n<p><strong>Freitag 03.06.2022 &#8212; Rund um die M\u00fcritz<\/strong><\/p>\n\n\n\n<ul class=\"wp-block-list\"><li>8:30 Uhr Beginn des Tagesprogramms in Begleitung eines G\u00e4stef\u00fchrers unternehmen Sie ein interessantes und kurzweiliges Programm rund um die M\u00fcritz.Sie besuchen R\u00f6bel, Malchow sowie Plau am See und schlie\u00dflich Waren. Zum Programmausklang ist eine 90 min\u00fctige Schifffahrt von Waren bis R\u00f6bel geplant<\/li><\/ul>\n\n\n\n<p><strong>Samstag 04.06.2022 &#8212; Rostock &amp; Warnem\u00fcnde<\/strong><\/p>\n\n\n\n<ul class=\"wp-block-list\"><li>8:00 Uhr Abfahrt ab Hotel. Auch an diesem Reisetag werden Sie von einem Fremdenf\u00fchrer begleitet und besuchen zun\u00e4chst die Hansestadt Rostock. Nach einer Stadtf\u00fchrung und ein wenig Zeit zur freien Verf\u00fcgung geht es per Schiff weiter in die Hafenstadt Warnem\u00fcnde. Nach einer Ortsf\u00fchrung bleibt Zeit f\u00fcr einen Bummel entlang der Stra\u00dfenpromenade oder am Alten Strom.<\/li><\/ul>\n\n\n\n<p><strong>Sonntag 05.06.2022 &#8212; R\u00fcckreise und Schloss Ludwigslust<\/strong><\/p>\n\n\n\n<ul class=\"wp-block-list\"><li>Nach dem Fr\u00fchst\u00fcck treten Sie die R\u00fcckreise an. Fast an der Wegstrecke liegt in der gleichnamigen Ortschaft das Schloss Ludwigslust, das Sie im Rahmen einer F\u00fchrung besichtigen werden. Diese prachtvolle und gro\u00dffl\u00e4chige Schloss-, Park- und Stadtanlage, die Hauptsitz der Mecklenburg-Schwerinischen Herz\u00f6ge war, ist einzigartig in der Gegend und wird h\u00e4ufig auch als Sanssouci des Nordens bezeichnet. <br>19:00 Uhr (ca.) Ankunft im heimischen Raum<\/li><\/ul>\n\n\n\n<p><strong>Enthaltene Leistungen:<\/strong><\/p>\n\n\n\n<p>Fahrt, 3 x \u00dcbernachtung mit Fr\u00fchst\u00fcck und Abendessen im Sporthotel Malchow.<br>Kurabgabe, F\u00fchrung Landgest\u00fct Refin<br>Tagesausflug &#8222;Rund um die M\u00fcritz&#8220; mit Reisebegleitung<br>Schifffahrt Waren\/R\u00f6bel<br>Tagesausflug Rostock und Warnem\u00fcnde mit Reiseleitung, Schifffahrt Rostock\/Warnem\u00fcnde<br>Besichtigung und F\u00fchrung Schloss Ludwigslust<\/p>\n\n\n\n<p><strong>Reisepreis pro Person im Doppelzimmer: 350,- EUR<br>Reisepreis pro Person im Einzelzimmer: 389,- EUR<\/strong><\/p>\n\n\n\n<p>Im Reisepreis enthalten sind auch die Getr\u00e4nke im Bus.<\/p>\n\n\n\n<p>Wenn m\u00f6glich bis zum 31.03.2022 anmelden.<\/p>\n\n\n\n<p class=\"has-text-color\" style=\"color:#ff0d11\">Anmeldeschluss ist der 30.04.2022.<\/p>\n\n\n\n<p>Es sind zun\u00e4chst 20 Doppelzimmer und 6 Einzelzimmer gebucht.<\/p>\n\n\n\n<p>Es gelten die zum Reisezeitpunkt g\u00fcltigen Corona-Bedingungen 2G.<\/p>\n\n\n\n<p>Wir hoffen die Fahrt durchf\u00fchren zu k\u00f6nnen.<\/p>\n\n\n\n<p>Anmeldungen bei Werner Sander<br>Telefon: 05776-754<br>Mobil: 0171-8030185<br>E-Mail: sander-werner@freenet.de<\/p>\n\n\n\n<p class=\"has-text-color\" style=\"color:#ff0307\">Wichtig!!!<br>Anzahlung der H\u00e4lfte des Reisepreises bei Anmeldung sp\u00e4testens bis zum 30.04.2022.<br>Den Rest bis zum 15.05.2022<\/p>\n\n\n\n<p>Bitte diesen Betrag auf das Konto der Volksbank L\u00fcbbecker Land \u00fcberweisen.<\/p>\n\n\n\n<p>IBAN: DE58 4909 2650 2729 7385 00<br>BIC: GENODEM1LUB<br>Verwendungszweck: Mehrtagesausflug<\/p>\n\n\n\n<p>Es freuen sich auf euch <br><strong>Die Vorst\u00e4nde vom Landwirtschaftlichen Ortsverband, der Kameradschaft ehemaliger Soldaten und der Landfrauen Preu\u00dfisch Str\u00f6hen<\/strong><\/p>\n\n\n\n<p><\/p>\n\n\n\n<p><a href=\"https:\/\/preussisch-stroehen.de\/web\/tag\/orstverband\/\">#Orstverband<\/a> <a href=\"https:\/\/preussisch-stroehen.de\/web\/tag\/kameradschaft\/\">#Kameradschaft<\/a> <a href=\"https:\/\/preussisch-stroehen.de\/web\/tag\/landfrauen\/\">#Landfrauen<\/a> <a href=\"https:\/\/preussisch-stroehen.de\/web\/tag\/aktuelles\/\">#Aktuelles<\/a><\/p>\n","protected":false},"excerpt":{"rendered":"<p>Landwirtschaftlicher Ortsverein | Kameradschaft ehemaliger Soldaten | Landfrauen Pr. Str\u00f6hen Wir starten einen zweiten Versuch!!! Donnerstag 02.06.- Sonntag 05.06.2022 Der Ausflug wird von der Firma Thieker-Reisen organisiert und beinhaltet folgende Leistungen: Fahrt im modernen Reisebus Donnerstag 02.06.2022 &#8212; Anreise Redefin 7:00 Uhr Abfahrt Buschendorf&#8217;s Gasthaus Pr. Str\u00f6henFr\u00fchst\u00fcckpause am Bus 12:00-13:30 Uhr (ca.) F\u00fchrung auf dem [&hellip;]<\/p>\n","protected":false},"author":1,"featured_media":1809,"comment_status":"closed","ping_status":"open","sticky":false,"template":"","format":"standard","meta":{"_jetpack_memberships_contains_paid_content":false,"footnotes":""},"categories":[1],"tags":[5,18,24,135],"class_list":["post-8416","post","type-post","status-publish","format-standard","has-post-thumbnail","hentry","category-uncategorized","tag-aktuelles","tag-kameradschaft","tag-landfrauen","tag-orstverband","post-preview"],"jetpack_featured_media_url":"https:\/\/preussisch-stroehen.de\/web\/wp-content\/uploads\/2019\/06\/speukebusch.jpg","jetpack_sharing_enabled":true,"_links":{"self":[{"href":"https:\/\/preussisch-stroehen.de\/web\/wp-json\/wp\/v2\/posts\/8416","targetHints":{"allow":["GET"]}}],"collection":[{"href":"https:\/\/preussisch-stroehen.de\/web\/wp-json\/wp\/v2\/posts"}],"about":[{"href":"https:\/\/preussisch-stroehen.de\/web\/wp-json\/wp\/v2\/types\/post"}],"author":[{"embeddable":true,"href":"https:\/\/preussisch-stroehen.de\/web\/wp-json\/wp\/v2\/users\/1"}],"replies":[{"embeddable":true,"href":"https:\/\/preussisch-stroehen.de\/web\/wp-json\/wp\/v2\/comments?post=8416"}],"version-history":[{"count":2,"href":"https:\/\/preussisch-stroehen.de\/web\/wp-json\/wp\/v2\/posts\/8416\/revisions"}],"predecessor-version":[{"id":8418,"href":"https:\/\/preussisch-stroehen.de\/web\/wp-json\/wp\/v2\/posts\/8416\/revisions\/8418"}],"wp:featuredmedia":[{"embeddable":true,"href":"https:\/\/preussisch-stroehen.de\/web\/wp-json\/wp\/v2\/media\/1809"}],"wp:attachment":[{"href":"https:\/\/preussisch-stroehen.de\/web\/wp-json\/wp\/v2\/media?parent=8416"}],"wp:term":[{"taxonomy":"category","embeddable":true,"href":"https:\/\/preussisch-stroehen.de\/web\/wp-json\/wp\/v2\/categories?post=8416"},{"taxonomy":"post_tag","embeddable":true,"href":"https:\/\/preussisch-stroehen.de\/web\/wp-json\/wp\/v2\/tags?post=8416"}],"curies":[{"name":"wp","href":"https:\/\/api.w.org\/{rel}","templated":true}]}}