{"id":849,"date":"2017-09-26T08:15:40","date_gmt":"2017-09-26T06:15:40","guid":{"rendered":"http:\/\/preussisch-stroehen.de\/wp\/?p=849"},"modified":"2019-10-13T13:40:24","modified_gmt":"2019-10-13T13:40:24","slug":"impressionen-vom-festumzug-in-preussisch-stroehen","status":"publish","type":"post","link":"https:\/\/preussisch-stroehen.de\/web\/2017\/09\/26\/impressionen-vom-festumzug-in-preussisch-stroehen\/","title":{"rendered":"Impressionen vom Festumzug in Preu\u00dfisch Str\u00f6hen"},"content":{"rendered":"<p><iframe loading=\"lazy\" src=\"https:\/\/www.youtube.com\/embed\/vCtfBl1aTzM\" allowfullscreen=\"allowfullscreen\" width=\"560\" height=\"315\" frameborder=\"0\"><\/iframe><br \/>\n&nbsp;<\/p>\n<p>Hier findet ihr ein Video mit Impressionen vom gro\u00dfen <a href=\"https:\/\/preussisch-stroehen.de\/web\/tag\/festumzug\/\">#Festumzug<\/a> am 24.09.2017 in Preu\u00dfisch Str\u00f6hen. F\u00fcr alle die sich die Fotos lieber einzeln anschauen m\u00f6chten haben wir das ganze auch nochmal in Galerieansicht.<\/p>\n<p><!--more--><\/p>\n<p>[ngg_images source=&#8220;galleries&#8220; container_ids=&#8220;39&#8243; display_type=&#8220;photocrati-nextgen_basic_thumbnails&#8220; override_thumbnail_settings=&#8220;0&#8243; thumbnail_width=&#8220;240&#8243; thumbnail_height=&#8220;160&#8243; thumbnail_crop=&#8220;1&#8243; images_per_page=&#8220;6&#8243; number_of_columns=&#8220;2&#8243; ajax_pagination=&#8220;1&#8243; show_all_in_lightbox=&#8220;0&#8243; use_imagebrowser_effect=&#8220;0&#8243; show_slideshow_link=&#8220;1&#8243; slideshow_link_text=&#8220;[Zeige eine Slideshow]&#8220; order_by=&#8220;sortorder&#8220; order_direction=&#8220;ASC&#8220; returns=&#8220;included&#8220; maximum_entity_count=&#8220;500&#8243;]<\/p>\n<p>&nbsp;<\/p>\n<p><a href=\"https:\/\/preussisch-stroehen.de\/web\/tag\/festumzug\/\">#Festumzug<\/a> <a href=\"https:\/\/preussisch-stroehen.de\/web\/tag\/kirchengemeinde\/\">#Kirchengemeinde<\/a> <a href=\"https:\/\/preussisch-stroehen.de\/web\/tag\/kirche\/\">#Kirche<\/a> <a href=\"https:\/\/preussisch-stroehen.de\/web\/tag\/news\/\">#News<\/a> <a href=\"https:\/\/preussisch-stroehen.de\/web\/tag\/veranstaltungen\/\">#Veranstaltungen<\/a> <a href=\"https:\/\/preussisch-stroehen.de\/web\/tag\/bilder\/\">#Bilder<\/a> <a href=\"https:\/\/preussisch-stroehen.de\/web\/tag\/impressionen\/\">#Impressionen<\/a><\/p>\n","protected":false},"excerpt":{"rendered":"<p>&nbsp; Hier findet ihr ein Video mit Impressionen vom gro\u00dfen #Festumzug am 24.09.2017 in Preu\u00dfisch Str\u00f6hen. F\u00fcr alle die sich die Fotos lieber einzeln anschauen m\u00f6chten haben wir das ganze auch nochmal in Galerieansicht.<\/p>\n","protected":false},"author":1,"featured_media":0,"comment_status":"closed","ping_status":"open","sticky":false,"template":"","format":"standard","meta":{"_jetpack_memberships_contains_paid_content":false,"footnotes":""},"categories":[1],"tags":[36,67,25,45,41,3,4],"class_list":["post-849","post","type-post","status-publish","format-standard","hentry","category-uncategorized","tag-bilder","tag-festumzug","tag-impressionen","tag-kirche","tag-kirchengemeinde","tag-news","tag-veranstaltungen","post-preview"],"jetpack_featured_media_url":"","jetpack_sharing_enabled":true,"_links":{"self":[{"href":"https:\/\/preussisch-stroehen.de\/web\/wp-json\/wp\/v2\/posts\/849","targetHints":{"allow":["GET"]}}],"collection":[{"href":"https:\/\/preussisch-stroehen.de\/web\/wp-json\/wp\/v2\/posts"}],"about":[{"href":"https:\/\/preussisch-stroehen.de\/web\/wp-json\/wp\/v2\/types\/post"}],"author":[{"embeddable":true,"href":"https:\/\/preussisch-stroehen.de\/web\/wp-json\/wp\/v2\/users\/1"}],"replies":[{"embeddable":true,"href":"https:\/\/preussisch-stroehen.de\/web\/wp-json\/wp\/v2\/comments?post=849"}],"version-history":[{"count":5,"href":"https:\/\/preussisch-stroehen.de\/web\/wp-json\/wp\/v2\/posts\/849\/revisions"}],"predecessor-version":[{"id":958,"href":"https:\/\/preussisch-stroehen.de\/web\/wp-json\/wp\/v2\/posts\/849\/revisions\/958"}],"wp:attachment":[{"href":"https:\/\/preussisch-stroehen.de\/web\/wp-json\/wp\/v2\/media?parent=849"}],"wp:term":[{"taxonomy":"category","embeddable":true,"href":"https:\/\/preussisch-stroehen.de\/web\/wp-json\/wp\/v2\/categories?post=849"},{"taxonomy":"post_tag","embeddable":true,"href":"https:\/\/preussisch-stroehen.de\/web\/wp-json\/wp\/v2\/tags?post=849"}],"curies":[{"name":"wp","href":"https:\/\/api.w.org\/{rel}","templated":true}]}}